{"id":814,"date":"2017-02-12T20:47:36","date_gmt":"2017-02-12T19:47:36","guid":{"rendered":"http:\/\/aikivudao.com\/?p=814"},"modified":"2017-08-07T21:15:39","modified_gmt":"2017-08-07T19:15:39","slug":"gala-des-arts-martiaux-vietnamiens-05032017","status":"publish","type":"post","link":"https:\/\/aikivudao.com\/?p=814","title":{"rendered":"Gala des arts martiaux vietnamiens 05\/03\/2017"},"content":{"rendered":"<div id=\"js_4\" class=\"_5pbx userContent\" data-ft=\"{&quot;tn&quot;:&quot;K&quot;}\">\n<p>La F\u00e9d\u00e9ration AikiVuDao France (FAKVDF) a le plaisir de vous inviter au grand Gala des Arts Martiaux Vietnamiens (Vo Vietnam) qui aura lieu le 5 Mars 2017, \u00e0 la Salle Vallier (Marseille).<br \/>\nCet \u00e9v\u00e8nement exceptionnel d&rsquo;envergure Europ\u00e9enne est organis\u00e9e par la FAMTV (F\u00e9d\u00e9ration des Arts Martiaux Traditionnels Vietnamiens), seule f\u00e9d\u00e9ration fran\u00e7aise reconnue par la WFVV (World Federation of Vocotruyen Vietnam). La FAMTV a la responsabilit\u00e9 de regrouper toutes les \u00e9coles d&rsquo;arts martiaux vietnamiens reconnues (dont l&rsquo;Aiki Vu Dao).<\/p>\n<p>Pour retirer vos invitations: vovn2017@gmail.com<\/p>\n<\/div>\n<div class=\"_3x-2\">\n<div data-ft=\"{&quot;tn&quot;:&quot;H&quot;}\">\n<div class=\"mtm\">\n<div class=\"_2l7q\"><a href=\"https:\/\/www.facebook.com\/aikivudao\/photos\/a.1668793376767295.1073741828.1666731953640104\/1726467810999851\/?type=3\" target=\"_blank\" rel=\"noopener\"><img decoding=\"async\" loading=\"lazy\" class=\"_1p6f _1p6g img\" src=\"https:\/\/scontent-cdg2-1.xx.fbcdn.net\/v\/t1.0-0\/s200x200\/16406580_1726467810999851_43088925963223482_n.jpg?oh=58164350d0848b281043f6c4ce5325fc&amp;oe=593AD1CC\" alt=\"\" width=\"141\" height=\"180\" \/><\/a><\/div>\n<\/div>\n<\/div>\n<\/div>\n","protected":false},"excerpt":{"rendered":"<p>La F\u00e9d\u00e9ration AikiVuDao France (FAKVDF) a le plaisir de vous inviter au grand Gala des Arts Martiaux Vietnamiens (Vo Vietnam) qui aura lieu le 5 Mars 2017, \u00e0 la Salle Vallier (Marseille). Cet \u00e9v\u00e8nement exceptionnel d&rsquo;envergure Europ\u00e9enne est organis\u00e9e par la FAMTV (F\u00e9d\u00e9ration des Arts Martiaux Traditionnels Vietnamiens), seule f\u00e9d\u00e9ration &hellip;<\/p>\n","protected":false},"author":1,"featured_media":853,"comment_status":"closed","ping_status":"closed","sticky":false,"template":"","format":"standard","meta":[],"categories":[7],"tags":[],"yoast_head":"<!-- This site is optimized with the Yoast SEO plugin v21.1 - https:\/\/yoast.com\/wordpress\/plugins\/seo\/ -->\n<title>Gala des arts martiaux vietnamiens 05\/03\/2017 - AIKI VU DAO<\/title>\n<meta name=\"robots\" content=\"index, follow, max-snippet:-1, max-image-preview:large, max-video-preview:-1\" \/>\n<link rel=\"canonical\" href=\"https:\/\/aikivudao.com\/?p=814\" \/>\n<meta property=\"og:locale\" content=\"fr_FR\" \/>\n<meta property=\"og:type\" content=\"article\" \/>\n<meta property=\"og:title\" content=\"Gala des arts martiaux vietnamiens 05\/03\/2017 - AIKI VU DAO\" \/>\n<meta property=\"og:description\" content=\"La F\u00e9d\u00e9ration AikiVuDao France (FAKVDF) a le plaisir de vous inviter au grand Gala des Arts Martiaux Vietnamiens (Vo Vietnam) qui aura lieu le 5 Mars 2017, \u00e0 la Salle Vallier (Marseille). Cet \u00e9v\u00e8nement exceptionnel d&rsquo;envergure Europ\u00e9enne est organis\u00e9e par la FAMTV (F\u00e9d\u00e9ration des Arts Martiaux Traditionnels Vietnamiens), seule f\u00e9d\u00e9ration &hellip;\" \/>\n<meta property=\"og:url\" content=\"https:\/\/aikivudao.com\/?p=814\" \/>\n<meta property=\"og:site_name\" content=\"AIKI VU DAO\" \/>\n<meta property=\"article:published_time\" content=\"2017-02-12T19:47:36+00:00\" \/>\n<meta property=\"article:modified_time\" content=\"2017-08-07T19:15:39+00:00\" \/>\n<meta property=\"og:image\" content=\"https:\/\/aikivudao.com\/wp-content\/uploads\/2016\/10\/P1020831w.jpg\" \/>\n\t<meta property=\"og:image:width\" content=\"800\" \/>\n\t<meta property=\"og:image:height\" content=\"600\" \/>\n\t<meta property=\"og:image:type\" content=\"image\/jpeg\" \/>\n<meta name=\"author\" content=\"admin\" \/>\n<meta name=\"twitter:card\" content=\"summary_large_image\" \/>\n<script type=\"application\/ld+json\" class=\"yoast-schema-graph\">{\"@context\":\"https:\/\/schema.org\",\"@graph\":[{\"@type\":\"WebPage\",\"@id\":\"https:\/\/aikivudao.com\/?p=814\",\"url\":\"https:\/\/aikivudao.com\/?p=814\",\"name\":\"Gala des arts martiaux vietnamiens 05\/03\/2017 - AIKI VU DAO\",\"isPartOf\":{\"@id\":\"https:\/\/aikivudao.com\/#website\"},\"datePublished\":\"2017-02-12T19:47:36+00:00\",\"dateModified\":\"2017-08-07T19:15:39+00:00\",\"author\":{\"@id\":\"https:\/\/aikivudao.com\/#\/schema\/person\/72749871c5f6a830dda75714f57c0b08\"},\"breadcrumb\":{\"@id\":\"https:\/\/aikivudao.com\/?p=814#breadcrumb\"},\"inLanguage\":\"fr-FR\",\"potentialAction\":[{\"@type\":\"ReadAction\",\"target\":[\"https:\/\/aikivudao.com\/?p=814\"]}]},{\"@type\":\"BreadcrumbList\",\"@id\":\"https:\/\/aikivudao.com\/?p=814#breadcrumb\",\"itemListElement\":[{\"@type\":\"ListItem\",\"position\":1,\"name\":\"Accueil\",\"item\":\"https:\/\/aikivudao.com\/\"},{\"@type\":\"ListItem\",\"position\":2,\"name\":\"Gala des arts martiaux vietnamiens 05\/03\/2017\"}]},{\"@type\":\"WebSite\",\"@id\":\"https:\/\/aikivudao.com\/#website\",\"url\":\"https:\/\/aikivudao.com\/\",\"name\":\"AIKI VU DAO\",\"description\":\"Ecole d&#039;A\u00efkido - art martial japonais, aikibudoviet\",\"potentialAction\":[{\"@type\":\"SearchAction\",\"target\":{\"@type\":\"EntryPoint\",\"urlTemplate\":\"https:\/\/aikivudao.com\/?s={search_term_string}\"},\"query-input\":\"required name=search_term_string\"}],\"inLanguage\":\"fr-FR\"},{\"@type\":\"Person\",\"@id\":\"https:\/\/aikivudao.com\/#\/schema\/person\/72749871c5f6a830dda75714f57c0b08\",\"name\":\"admin\",\"image\":{\"@type\":\"ImageObject\",\"inLanguage\":\"fr-FR\",\"@id\":\"https:\/\/aikivudao.com\/#\/schema\/person\/image\/\",\"url\":\"https:\/\/secure.gravatar.com\/avatar\/fc462b8aa7e422ed474762ee47ac3165?s=96&d=mm&r=g\",\"contentUrl\":\"https:\/\/secure.gravatar.com\/avatar\/fc462b8aa7e422ed474762ee47ac3165?s=96&d=mm&r=g\",\"caption\":\"admin\"},\"url\":\"https:\/\/aikivudao.com\/?author=1\"}]}<\/script>\n<!-- \/ Yoast SEO plugin. -->","yoast_head_json":{"title":"Gala des arts martiaux vietnamiens 05\/03\/2017 - AIKI VU DAO","robots":{"index":"index","follow":"follow","max-snippet":"max-snippet:-1","max-image-preview":"max-image-preview:large","max-video-preview":"max-video-preview:-1"},"canonical":"https:\/\/aikivudao.com\/?p=814","og_locale":"fr_FR","og_type":"article","og_title":"Gala des arts martiaux vietnamiens 05\/03\/2017 - AIKI VU DAO","og_description":"La F\u00e9d\u00e9ration AikiVuDao France (FAKVDF) a le plaisir de vous inviter au grand Gala des Arts Martiaux Vietnamiens (Vo Vietnam) qui aura lieu le 5 Mars 2017, \u00e0 la Salle Vallier (Marseille). Cet \u00e9v\u00e8nement exceptionnel d&rsquo;envergure Europ\u00e9enne est organis\u00e9e par la FAMTV (F\u00e9d\u00e9ration des Arts Martiaux Traditionnels Vietnamiens), seule f\u00e9d\u00e9ration &hellip;","og_url":"https:\/\/aikivudao.com\/?p=814","og_site_name":"AIKI VU DAO","article_published_time":"2017-02-12T19:47:36+00:00","article_modified_time":"2017-08-07T19:15:39+00:00","og_image":[{"width":800,"height":600,"url":"https:\/\/aikivudao.com\/wp-content\/uploads\/2016\/10\/P1020831w.jpg","type":"image\/jpeg"}],"author":"admin","twitter_card":"summary_large_image","schema":{"@context":"https:\/\/schema.org","@graph":[{"@type":"WebPage","@id":"https:\/\/aikivudao.com\/?p=814","url":"https:\/\/aikivudao.com\/?p=814","name":"Gala des arts martiaux vietnamiens 05\/03\/2017 - AIKI VU DAO","isPartOf":{"@id":"https:\/\/aikivudao.com\/#website"},"datePublished":"2017-02-12T19:47:36+00:00","dateModified":"2017-08-07T19:15:39+00:00","author":{"@id":"https:\/\/aikivudao.com\/#\/schema\/person\/72749871c5f6a830dda75714f57c0b08"},"breadcrumb":{"@id":"https:\/\/aikivudao.com\/?p=814#breadcrumb"},"inLanguage":"fr-FR","potentialAction":[{"@type":"ReadAction","target":["https:\/\/aikivudao.com\/?p=814"]}]},{"@type":"BreadcrumbList","@id":"https:\/\/aikivudao.com\/?p=814#breadcrumb","itemListElement":[{"@type":"ListItem","position":1,"name":"Accueil","item":"https:\/\/aikivudao.com\/"},{"@type":"ListItem","position":2,"name":"Gala des arts martiaux vietnamiens 05\/03\/2017"}]},{"@type":"WebSite","@id":"https:\/\/aikivudao.com\/#website","url":"https:\/\/aikivudao.com\/","name":"AIKI VU DAO","description":"Ecole d&#039;A\u00efkido - art martial japonais, aikibudoviet","potentialAction":[{"@type":"SearchAction","target":{"@type":"EntryPoint","urlTemplate":"https:\/\/aikivudao.com\/?s={search_term_string}"},"query-input":"required name=search_term_string"}],"inLanguage":"fr-FR"},{"@type":"Person","@id":"https:\/\/aikivudao.com\/#\/schema\/person\/72749871c5f6a830dda75714f57c0b08","name":"admin","image":{"@type":"ImageObject","inLanguage":"fr-FR","@id":"https:\/\/aikivudao.com\/#\/schema\/person\/image\/","url":"https:\/\/secure.gravatar.com\/avatar\/fc462b8aa7e422ed474762ee47ac3165?s=96&d=mm&r=g","contentUrl":"https:\/\/secure.gravatar.com\/avatar\/fc462b8aa7e422ed474762ee47ac3165?s=96&d=mm&r=g","caption":"admin"},"url":"https:\/\/aikivudao.com\/?author=1"}]}},"_links":{"self":[{"href":"https:\/\/aikivudao.com\/index.php?rest_route=\/wp\/v2\/posts\/814"}],"collection":[{"href":"https:\/\/aikivudao.com\/index.php?rest_route=\/wp\/v2\/posts"}],"about":[{"href":"https:\/\/aikivudao.com\/index.php?rest_route=\/wp\/v2\/types\/post"}],"author":[{"embeddable":true,"href":"https:\/\/aikivudao.com\/index.php?rest_route=\/wp\/v2\/users\/1"}],"replies":[{"embeddable":true,"href":"https:\/\/aikivudao.com\/index.php?rest_route=%2Fwp%2Fv2%2Fcomments&post=814"}],"version-history":[{"count":2,"href":"https:\/\/aikivudao.com\/index.php?rest_route=\/wp\/v2\/posts\/814\/revisions"}],"predecessor-version":[{"id":1066,"href":"https:\/\/aikivudao.com\/index.php?rest_route=\/wp\/v2\/posts\/814\/revisions\/1066"}],"wp:featuredmedia":[{"embeddable":true,"href":"https:\/\/aikivudao.com\/index.php?rest_route=\/wp\/v2\/media\/853"}],"wp:attachment":[{"href":"https:\/\/aikivudao.com\/index.php?rest_route=%2Fwp%2Fv2%2Fmedia&parent=814"}],"wp:term":[{"taxonomy":"category","embeddable":true,"href":"https:\/\/aikivudao.com\/index.php?rest_route=%2Fwp%2Fv2%2Fcategories&post=814"},{"taxonomy":"post_tag","embeddable":true,"href":"https:\/\/aikivudao.com\/index.php?rest_route=%2Fwp%2Fv2%2Ftags&post=814"}],"curies":[{"name":"wp","href":"https:\/\/api.w.org\/{rel}","templated":true}]}}