{"id":2392,"date":"2021-04-20T08:41:07","date_gmt":"2021-04-20T06:41:07","guid":{"rendered":"http:\/\/aikivudao.com\/?p=2392"},"modified":"2021-04-21T21:24:42","modified_gmt":"2021-04-21T19:24:42","slug":"decisions-sanitaires-au-08-04-2021","status":"publish","type":"post","link":"https:\/\/aikivudao.com\/?p=2392","title":{"rendered":"D\u00e9cisions sanitaires au 08\/04\/2021"},"content":{"rendered":"\n<h4>D\u00e9cisions sanitaires au 08\/04\/2021 &#8211; toutes les infos officielles<\/h4>\n\n\n\n<figure class=\"wp-block-image\"><img decoding=\"async\" src=\"https:\/\/www.sports.gouv.fr\/local\/cache-vignettes\/L554xH370\/err8yxixeaunwmm-2-e4f21-b3a24.jpg?1617695188\" alt=\"\"\/><\/figure>\n\n\n\n<p>Suite aux annonces du Pr\u00e9sident de la R\u00e9publique, Jean-Michel BLANQUER, ministre de l\u2019\u00c9ducation nationale, de la Jeunesse et des Sports, et Roxana MARACINEANU, ministre d\u00e9l\u00e9gu\u00e9e charg\u00e9e des Sports, d\u00e9taillent les nouvelles mesures qui entrent en vigueur pour le sport \u00e0 partir du jeudi 8 avril 2021 \u00e0 minuit.<\/p>\n\n\n\n<p>L\u2019aggravation de la situation sanitaire conduit le gouvernement \u00e0 g\u00e9n\u00e9raliser \u00e0 toute la France hexagonale, les mesures de restrictions d\u00e9j\u00e0 en vigueur dans 19 d\u00e9partements* et \u00e0 adapter le calendrier scolaire et mettre en place l\u2019enseignement \u00e0 distance pour les \u00e9l\u00e8ves \u00e0 partir du 5 avril.<\/p>\n\n\n\n<p><em>*couvre-feu \u00e0 19h, t\u00e9l\u00e9travail syst\u00e9matique, commerces ferm\u00e9s selon la liste d\u00e9j\u00e0 d\u00e9finie, pas de d\u00e9placement inter-r\u00e9gionaux apr\u00e8s le 5 avril sauf motif imp\u00e9rieux, pas de d\u00e9placement en journ\u00e9e au-del\u00e0 de 10km du domicile sauf motif imp\u00e9rieux.<\/em><\/p>\n\n\n\n<p>Toutefois, l\u2019activit\u00e9 sportive, consid\u00e9r\u00e9e comme une n\u00e9cessit\u00e9 pour le bien-\u00eatre physique et psychique de chacun, est pr\u00e9serv\u00e9e. Aussi la pratique sportive individuelle reste possible en ext\u00e9rieur tant dans l\u2019espace public que dans les \u00e9quipements sportifs de plein air, sans limitation de dur\u00e9e mais dans un rayon de 10 kilom\u00e8tres autour de chez soi, dans le respect du couvre-feu (de 6h \u00e0 19h) et muni d\u2019un justificatif de domicile.<\/p>\n\n\n\n<p>Les publics prioritaires que sont les sportifs de haut niveau, les sportifs professionnels, les publics en formation professionnelle, les personnes en situation de handicap et celles b\u00e9n\u00e9ficiant d\u2019une prescription d\u2019activit\u00e9 physique adapt\u00e9e restent autoris\u00e9s \u00e0 utiliser l\u2019ensemble des \u00e9quipements sportifs (clos et couverts comme de plein air).<\/p>\n\n\n\n<h3>Pour la pratique sportive des mineurs<\/h3>\n\n\n\n<p>Consid\u00e9rant que l\u2019activit\u00e9 physique et sportive est indispensable pour notre jeunesse et soucieux d\u2019apporter des solutions aux familles pour prendre en charge les enfants en plein air, de mani\u00e8re organis\u00e9e, encadr\u00e9e et s\u00e9curis\u00e9e dans cette p\u00e9riode marqu\u00e9e par les vacances scolaires, le gouvernement a autoris\u00e9 la pratique en ext\u00e9rieur uniquement et dans le respect de la distanciation, qu\u2019elle se d\u00e9roule dans l\u2019espace public ou dans les \u00e9quipements sportifs de plein air. Toutefois, le couvre-feu (dans toute la France) et la limitation \u00e0 10 km autour du domicile devront \u00eatre respect\u00e9s.<\/p>\n\n\n\n<h3>Pour la pratique sportive des majeurs<\/h3>\n\n\n\n<p>La pratique sportive reste possible dans l\u2019espace public comme dans les \u00e9quipements sportifs de plein air dans le respect de la distanciation mais sans limitation de dur\u00e9e. Elle est toutefois limit\u00e9e dans un rayon de 10 kilom\u00e8tres autour du domicile et soumise au respect du couvre-feu.<\/p>\n\n\n\n<h3>Pour les publics prioritaires<\/h3>\n\n\n\n<p>Les publics prioritaires suivants&nbsp;: sportifs professionnels, sportifs de haut niveau et autres sportifs inscrits dans le Projet de performance f\u00e9d\u00e9ral, personnes en formation universitaire ou professionnelle, personnes d\u00e9tenant une prescription m\u00e9dicale APA et personnes en situation de handicap reconnu par la MDPH ainsi que l\u2019encadrement n\u00e9cessaire \u00e0 leur pratique, conservent l\u2019acc\u00e8s \u00e0 l\u2019ensemble des \u00e9quipements sportifs (plein air et couverts).<\/p>\n\n\n\n<p>Ils seront autoris\u00e9s \u00e0 d\u00e9roger au couvre-feu dans le cadre de leurs d\u00e9placements pour acc\u00e9der aux \u00e9quipements sportifs (avec attestation obligatoire).<\/p>\n\n\n\n<h3>Concernant les \u00e9ducateurs sportifs<\/h3>\n\n\n\n<p>Les \u00e9ducateurs sportifs conservent l\u2019autorisation \u00e0 d\u00e9roger au couvre-feu, uniquement au titre de leur activit\u00e9 professionnelle, c\u2019est-\u00e0-dire pour encadrer les sportifs professionnels, sportifs de haut niveau ou personnes en formation professionnelle.<br>Les autres activit\u00e9s des \u00e9ducateurs devront s\u2019effectuer dans le respect du couvre-feu.<br>Les coachs priv\u00e9s peuvent \u00e9galement poursuivre leur activit\u00e9 professionnelle \u00e0 l\u2019ext\u00e9rieur uniquement dans le respect des horaires de couvre-feu (19h \u00e0 6h).<\/p>\n\n\n\n<figure class=\"wp-block-image size-large\"><a href=\"https:\/\/aikivudao.com\/wp-content\/uploads\/2021\/04\/decisionssanitairestableau09042021.jpg\"><img decoding=\"async\" loading=\"lazy\" width=\"1024\" height=\"724\" src=\"https:\/\/aikivudao.com\/wp-content\/uploads\/2021\/04\/decisionssanitairestableau09042021-1024x724.jpg\" alt=\"\" class=\"wp-image-2399\" srcset=\"https:\/\/aikivudao.com\/wp-content\/uploads\/2021\/04\/decisionssanitairestableau09042021-1024x724.jpg 1024w, https:\/\/aikivudao.com\/wp-content\/uploads\/2021\/04\/decisionssanitairestableau09042021-300x212.jpg 300w, https:\/\/aikivudao.com\/wp-content\/uploads\/2021\/04\/decisionssanitairestableau09042021-768x543.jpg 768w, https:\/\/aikivudao.com\/wp-content\/uploads\/2021\/04\/decisionssanitairestableau09042021-1536x1086.jpg 1536w, https:\/\/aikivudao.com\/wp-content\/uploads\/2021\/04\/decisionssanitairestableau09042021-283x200.jpg 283w, https:\/\/aikivudao.com\/wp-content\/uploads\/2021\/04\/decisionssanitairestableau09042021-1320x933.jpg 1320w, https:\/\/aikivudao.com\/wp-content\/uploads\/2021\/04\/decisionssanitairestableau09042021.jpg 1754w\" sizes=\"(max-width: 1024px) 100vw, 1024px\" \/><\/a><\/figure>\n\n\n\n<figure class=\"wp-block-image size-large\"><a href=\"https:\/\/aikivudao.com\/wp-content\/uploads\/2021\/04\/decisionssanitairestableau09042021-2.jpg\"><img decoding=\"async\" loading=\"lazy\" width=\"1024\" height=\"724\" src=\"https:\/\/aikivudao.com\/wp-content\/uploads\/2021\/04\/decisionssanitairestableau09042021-2-1024x724.jpg\" alt=\"\" class=\"wp-image-2398\" srcset=\"https:\/\/aikivudao.com\/wp-content\/uploads\/2021\/04\/decisionssanitairestableau09042021-2-1024x724.jpg 1024w, https:\/\/aikivudao.com\/wp-content\/uploads\/2021\/04\/decisionssanitairestableau09042021-2-300x212.jpg 300w, https:\/\/aikivudao.com\/wp-content\/uploads\/2021\/04\/decisionssanitairestableau09042021-2-768x543.jpg 768w, https:\/\/aikivudao.com\/wp-content\/uploads\/2021\/04\/decisionssanitairestableau09042021-2-1536x1086.jpg 1536w, https:\/\/aikivudao.com\/wp-content\/uploads\/2021\/04\/decisionssanitairestableau09042021-2-283x200.jpg 283w, https:\/\/aikivudao.com\/wp-content\/uploads\/2021\/04\/decisionssanitairestableau09042021-2-1320x933.jpg 1320w, https:\/\/aikivudao.com\/wp-content\/uploads\/2021\/04\/decisionssanitairestableau09042021-2.jpg 1754w\" sizes=\"(max-width: 1024px) 100vw, 1024px\" \/><\/a><\/figure>\n\n\n\n<figure class=\"wp-block-image size-large\"><a href=\"https:\/\/aikivudao.com\/wp-content\/uploads\/2021\/04\/decisionssanitairestableau09042021-3.jpg\"><img decoding=\"async\" loading=\"lazy\" width=\"1024\" height=\"724\" src=\"https:\/\/aikivudao.com\/wp-content\/uploads\/2021\/04\/decisionssanitairestableau09042021-3-1024x724.jpg\" alt=\"\" class=\"wp-image-2397\" srcset=\"https:\/\/aikivudao.com\/wp-content\/uploads\/2021\/04\/decisionssanitairestableau09042021-3-1024x724.jpg 1024w, https:\/\/aikivudao.com\/wp-content\/uploads\/2021\/04\/decisionssanitairestableau09042021-3-300x212.jpg 300w, https:\/\/aikivudao.com\/wp-content\/uploads\/2021\/04\/decisionssanitairestableau09042021-3-768x543.jpg 768w, https:\/\/aikivudao.com\/wp-content\/uploads\/2021\/04\/decisionssanitairestableau09042021-3-1536x1086.jpg 1536w, https:\/\/aikivudao.com\/wp-content\/uploads\/2021\/04\/decisionssanitairestableau09042021-3-283x200.jpg 283w, https:\/\/aikivudao.com\/wp-content\/uploads\/2021\/04\/decisionssanitairestableau09042021-3-1320x933.jpg 1320w, https:\/\/aikivudao.com\/wp-content\/uploads\/2021\/04\/decisionssanitairestableau09042021-3.jpg 1754w\" sizes=\"(max-width: 1024px) 100vw, 1024px\" \/><\/a><\/figure>\n\n\n\n<figure class=\"wp-block-image size-large\"><a href=\"https:\/\/aikivudao.com\/wp-content\/uploads\/2021\/04\/image1.jpeg\"><img decoding=\"async\" loading=\"lazy\" width=\"1024\" height=\"1024\" src=\"https:\/\/aikivudao.com\/wp-content\/uploads\/2021\/04\/image1-1024x1024.jpeg\" alt=\"\" class=\"wp-image-2414\" srcset=\"https:\/\/aikivudao.com\/wp-content\/uploads\/2021\/04\/image1-1024x1024.jpeg 1024w, https:\/\/aikivudao.com\/wp-content\/uploads\/2021\/04\/image1-300x300.jpeg 300w, https:\/\/aikivudao.com\/wp-content\/uploads\/2021\/04\/image1-150x150.jpeg 150w, https:\/\/aikivudao.com\/wp-content\/uploads\/2021\/04\/image1-768x768.jpeg 768w, https:\/\/aikivudao.com\/wp-content\/uploads\/2021\/04\/image1-200x200.jpeg 200w, https:\/\/aikivudao.com\/wp-content\/uploads\/2021\/04\/image1-45x45.jpeg 45w, https:\/\/aikivudao.com\/wp-content\/uploads\/2021\/04\/image1.jpeg 1080w\" sizes=\"(max-width: 1024px) 100vw, 1024px\" \/><\/a><\/figure>\n\n\n\n<figure class=\"wp-block-image size-large\"><a href=\"https:\/\/aikivudao.com\/wp-content\/uploads\/2021\/04\/image2.jpeg\"><img decoding=\"async\" loading=\"lazy\" width=\"1024\" height=\"1024\" src=\"https:\/\/aikivudao.com\/wp-content\/uploads\/2021\/04\/image2-1024x1024.jpeg\" alt=\"\" class=\"wp-image-2415\" srcset=\"https:\/\/aikivudao.com\/wp-content\/uploads\/2021\/04\/image2-1024x1024.jpeg 1024w, https:\/\/aikivudao.com\/wp-content\/uploads\/2021\/04\/image2-300x300.jpeg 300w, https:\/\/aikivudao.com\/wp-content\/uploads\/2021\/04\/image2-150x150.jpeg 150w, https:\/\/aikivudao.com\/wp-content\/uploads\/2021\/04\/image2-768x768.jpeg 768w, https:\/\/aikivudao.com\/wp-content\/uploads\/2021\/04\/image2-200x200.jpeg 200w, https:\/\/aikivudao.com\/wp-content\/uploads\/2021\/04\/image2-45x45.jpeg 45w, https:\/\/aikivudao.com\/wp-content\/uploads\/2021\/04\/image2.jpeg 1080w\" sizes=\"(max-width: 1024px) 100vw, 1024px\" \/><\/a><\/figure>\n","protected":false},"excerpt":{"rendered":"<p>D\u00e9cisions sanitaires au 08\/04\/2021 &#8211; toutes les infos officielles Suite aux annonces du Pr\u00e9sident de la R\u00e9publique, Jean-Michel BLANQUER, ministre de l\u2019\u00c9ducation nationale, de la Jeunesse et des Sports, et Roxana MARACINEANU, ministre d\u00e9l\u00e9gu\u00e9e charg\u00e9e des Sports, d\u00e9taillent les nouvelles mesures qui entrent en vigueur pour le sport \u00e0 partir &hellip;<\/p>\n","protected":false},"author":1,"featured_media":2055,"comment_status":"closed","ping_status":"closed","sticky":false,"template":"","format":"standard","meta":[],"categories":[19],"tags":[],"yoast_head":"<!-- This site is optimized with the Yoast SEO plugin v21.1 - https:\/\/yoast.com\/wordpress\/plugins\/seo\/ -->\n<title>D\u00e9cisions sanitaires au 08\/04\/2021 - AIKI VU DAO<\/title>\n<meta name=\"robots\" content=\"index, follow, max-snippet:-1, max-image-preview:large, max-video-preview:-1\" \/>\n<link rel=\"canonical\" href=\"https:\/\/aikivudao.com\/?p=2392\" \/>\n<meta property=\"og:locale\" content=\"fr_FR\" \/>\n<meta property=\"og:type\" content=\"article\" \/>\n<meta property=\"og:title\" content=\"D\u00e9cisions sanitaires au 08\/04\/2021 - AIKI VU DAO\" \/>\n<meta property=\"og:description\" content=\"D\u00e9cisions sanitaires au 08\/04\/2021 &#8211; toutes les infos officielles Suite aux annonces du Pr\u00e9sident de la R\u00e9publique, Jean-Michel BLANQUER, ministre de l\u2019\u00c9ducation nationale, de la Jeunesse et des Sports, et Roxana MARACINEANU, ministre d\u00e9l\u00e9gu\u00e9e charg\u00e9e des Sports, d\u00e9taillent les nouvelles mesures qui entrent en vigueur pour le sport \u00e0 partir &hellip;\" \/>\n<meta property=\"og:url\" content=\"https:\/\/aikivudao.com\/?p=2392\" \/>\n<meta property=\"og:site_name\" content=\"AIKI VU DAO\" \/>\n<meta property=\"article:published_time\" content=\"2021-04-20T06:41:07+00:00\" \/>\n<meta property=\"article:modified_time\" content=\"2021-04-21T19:24:42+00:00\" \/>\n<meta property=\"og:image\" content=\"https:\/\/aikivudao.com\/wp-content\/uploads\/2020\/05\/covid_19-1.jpg\" \/>\n\t<meta property=\"og:image:width\" content=\"331\" \/>\n\t<meta property=\"og:image:height\" content=\"152\" \/>\n\t<meta property=\"og:image:type\" content=\"image\/jpeg\" \/>\n<meta name=\"author\" content=\"admin\" \/>\n<meta name=\"twitter:card\" content=\"summary_large_image\" \/>\n<script type=\"application\/ld+json\" class=\"yoast-schema-graph\">{\"@context\":\"https:\/\/schema.org\",\"@graph\":[{\"@type\":\"WebPage\",\"@id\":\"https:\/\/aikivudao.com\/?p=2392\",\"url\":\"https:\/\/aikivudao.com\/?p=2392\",\"name\":\"D\u00e9cisions sanitaires au 08\/04\/2021 - AIKI VU DAO\",\"isPartOf\":{\"@id\":\"https:\/\/aikivudao.com\/#website\"},\"datePublished\":\"2021-04-20T06:41:07+00:00\",\"dateModified\":\"2021-04-21T19:24:42+00:00\",\"author\":{\"@id\":\"https:\/\/aikivudao.com\/#\/schema\/person\/72749871c5f6a830dda75714f57c0b08\"},\"breadcrumb\":{\"@id\":\"https:\/\/aikivudao.com\/?p=2392#breadcrumb\"},\"inLanguage\":\"fr-FR\",\"potentialAction\":[{\"@type\":\"ReadAction\",\"target\":[\"https:\/\/aikivudao.com\/?p=2392\"]}]},{\"@type\":\"BreadcrumbList\",\"@id\":\"https:\/\/aikivudao.com\/?p=2392#breadcrumb\",\"itemListElement\":[{\"@type\":\"ListItem\",\"position\":1,\"name\":\"Accueil\",\"item\":\"https:\/\/aikivudao.com\/\"},{\"@type\":\"ListItem\",\"position\":2,\"name\":\"D\u00e9cisions sanitaires au 08\/04\/2021\"}]},{\"@type\":\"WebSite\",\"@id\":\"https:\/\/aikivudao.com\/#website\",\"url\":\"https:\/\/aikivudao.com\/\",\"name\":\"AIKI VU DAO\",\"description\":\"Ecole d&#039;A\u00efkido - art martial japonais, aikibudoviet\",\"potentialAction\":[{\"@type\":\"SearchAction\",\"target\":{\"@type\":\"EntryPoint\",\"urlTemplate\":\"https:\/\/aikivudao.com\/?s={search_term_string}\"},\"query-input\":\"required name=search_term_string\"}],\"inLanguage\":\"fr-FR\"},{\"@type\":\"Person\",\"@id\":\"https:\/\/aikivudao.com\/#\/schema\/person\/72749871c5f6a830dda75714f57c0b08\",\"name\":\"admin\",\"image\":{\"@type\":\"ImageObject\",\"inLanguage\":\"fr-FR\",\"@id\":\"https:\/\/aikivudao.com\/#\/schema\/person\/image\/\",\"url\":\"https:\/\/secure.gravatar.com\/avatar\/fc462b8aa7e422ed474762ee47ac3165?s=96&d=mm&r=g\",\"contentUrl\":\"https:\/\/secure.gravatar.com\/avatar\/fc462b8aa7e422ed474762ee47ac3165?s=96&d=mm&r=g\",\"caption\":\"admin\"},\"url\":\"https:\/\/aikivudao.com\/?author=1\"}]}<\/script>\n<!-- \/ Yoast SEO plugin. -->","yoast_head_json":{"title":"D\u00e9cisions sanitaires au 08\/04\/2021 - AIKI VU DAO","robots":{"index":"index","follow":"follow","max-snippet":"max-snippet:-1","max-image-preview":"max-image-preview:large","max-video-preview":"max-video-preview:-1"},"canonical":"https:\/\/aikivudao.com\/?p=2392","og_locale":"fr_FR","og_type":"article","og_title":"D\u00e9cisions sanitaires au 08\/04\/2021 - AIKI VU DAO","og_description":"D\u00e9cisions sanitaires au 08\/04\/2021 &#8211; toutes les infos officielles Suite aux annonces du Pr\u00e9sident de la R\u00e9publique, Jean-Michel BLANQUER, ministre de l\u2019\u00c9ducation nationale, de la Jeunesse et des Sports, et Roxana MARACINEANU, ministre d\u00e9l\u00e9gu\u00e9e charg\u00e9e des Sports, d\u00e9taillent les nouvelles mesures qui entrent en vigueur pour le sport \u00e0 partir &hellip;","og_url":"https:\/\/aikivudao.com\/?p=2392","og_site_name":"AIKI VU DAO","article_published_time":"2021-04-20T06:41:07+00:00","article_modified_time":"2021-04-21T19:24:42+00:00","og_image":[{"width":331,"height":152,"url":"https:\/\/aikivudao.com\/wp-content\/uploads\/2020\/05\/covid_19-1.jpg","type":"image\/jpeg"}],"author":"admin","twitter_card":"summary_large_image","schema":{"@context":"https:\/\/schema.org","@graph":[{"@type":"WebPage","@id":"https:\/\/aikivudao.com\/?p=2392","url":"https:\/\/aikivudao.com\/?p=2392","name":"D\u00e9cisions sanitaires au 08\/04\/2021 - AIKI VU DAO","isPartOf":{"@id":"https:\/\/aikivudao.com\/#website"},"datePublished":"2021-04-20T06:41:07+00:00","dateModified":"2021-04-21T19:24:42+00:00","author":{"@id":"https:\/\/aikivudao.com\/#\/schema\/person\/72749871c5f6a830dda75714f57c0b08"},"breadcrumb":{"@id":"https:\/\/aikivudao.com\/?p=2392#breadcrumb"},"inLanguage":"fr-FR","potentialAction":[{"@type":"ReadAction","target":["https:\/\/aikivudao.com\/?p=2392"]}]},{"@type":"BreadcrumbList","@id":"https:\/\/aikivudao.com\/?p=2392#breadcrumb","itemListElement":[{"@type":"ListItem","position":1,"name":"Accueil","item":"https:\/\/aikivudao.com\/"},{"@type":"ListItem","position":2,"name":"D\u00e9cisions sanitaires au 08\/04\/2021"}]},{"@type":"WebSite","@id":"https:\/\/aikivudao.com\/#website","url":"https:\/\/aikivudao.com\/","name":"AIKI VU DAO","description":"Ecole d&#039;A\u00efkido - art martial japonais, aikibudoviet","potentialAction":[{"@type":"SearchAction","target":{"@type":"EntryPoint","urlTemplate":"https:\/\/aikivudao.com\/?s={search_term_string}"},"query-input":"required name=search_term_string"}],"inLanguage":"fr-FR"},{"@type":"Person","@id":"https:\/\/aikivudao.com\/#\/schema\/person\/72749871c5f6a830dda75714f57c0b08","name":"admin","image":{"@type":"ImageObject","inLanguage":"fr-FR","@id":"https:\/\/aikivudao.com\/#\/schema\/person\/image\/","url":"https:\/\/secure.gravatar.com\/avatar\/fc462b8aa7e422ed474762ee47ac3165?s=96&d=mm&r=g","contentUrl":"https:\/\/secure.gravatar.com\/avatar\/fc462b8aa7e422ed474762ee47ac3165?s=96&d=mm&r=g","caption":"admin"},"url":"https:\/\/aikivudao.com\/?author=1"}]}},"_links":{"self":[{"href":"https:\/\/aikivudao.com\/index.php?rest_route=\/wp\/v2\/posts\/2392"}],"collection":[{"href":"https:\/\/aikivudao.com\/index.php?rest_route=\/wp\/v2\/posts"}],"about":[{"href":"https:\/\/aikivudao.com\/index.php?rest_route=\/wp\/v2\/types\/post"}],"author":[{"embeddable":true,"href":"https:\/\/aikivudao.com\/index.php?rest_route=\/wp\/v2\/users\/1"}],"replies":[{"embeddable":true,"href":"https:\/\/aikivudao.com\/index.php?rest_route=%2Fwp%2Fv2%2Fcomments&post=2392"}],"version-history":[{"count":2,"href":"https:\/\/aikivudao.com\/index.php?rest_route=\/wp\/v2\/posts\/2392\/revisions"}],"predecessor-version":[{"id":2416,"href":"https:\/\/aikivudao.com\/index.php?rest_route=\/wp\/v2\/posts\/2392\/revisions\/2416"}],"wp:featuredmedia":[{"embeddable":true,"href":"https:\/\/aikivudao.com\/index.php?rest_route=\/wp\/v2\/media\/2055"}],"wp:attachment":[{"href":"https:\/\/aikivudao.com\/index.php?rest_route=%2Fwp%2Fv2%2Fmedia&parent=2392"}],"wp:term":[{"taxonomy":"category","embeddable":true,"href":"https:\/\/aikivudao.com\/index.php?rest_route=%2Fwp%2Fv2%2Fcategories&post=2392"},{"taxonomy":"post_tag","embeddable":true,"href":"https:\/\/aikivudao.com\/index.php?rest_route=%2Fwp%2Fv2%2Ftags&post=2392"}],"curies":[{"name":"wp","href":"https:\/\/api.w.org\/{rel}","templated":true}]}}