{"id":2009,"date":"2020-04-12T15:49:36","date_gmt":"2020-04-12T13:49:36","guid":{"rendered":"http:\/\/aikivudao.com\/?p=2009"},"modified":"2020-04-12T15:54:03","modified_gmt":"2020-04-12T13:54:03","slug":"thierry","status":"publish","type":"post","link":"https:\/\/aikivudao.com\/?p=2009","title":{"rendered":"Thierry"},"content":{"rendered":"\n<p>50 ans, n\u00e9 \u00e0 Marseille<\/p>\n\n\n\n<p><em>S\u00e9rie d&rsquo;interviews des pratiquants d&rsquo;a\u00efkivudao. Chacun s&rsquo;est pr\u00eat\u00e9 \u00e0 un jeu de questions-r\u00e9ponses afin de pr\u00e9senter son parcours dans les arts martiaux et dans l&rsquo;a\u00efkivudao.<\/em><\/p>\n\n\n\n<figure class=\"is-layout-flex wp-block-gallery-1 wp-block-gallery columns-4 is-cropped\"><ul class=\"blocks-gallery-grid\"><li class=\"blocks-gallery-item\"><figure><img decoding=\"async\" loading=\"lazy\" width=\"341\" height=\"800\" src=\"https:\/\/aikivudao.com\/wp-content\/uploads\/2020\/04\/thierry_aikivudao_1.jpg\" alt=\"\" data-id=\"2012\" data-link=\"https:\/\/aikivudao.com\/?attachment_id=2012\" class=\"wp-image-2012\" srcset=\"https:\/\/aikivudao.com\/wp-content\/uploads\/2020\/04\/thierry_aikivudao_1.jpg 341w, https:\/\/aikivudao.com\/wp-content\/uploads\/2020\/04\/thierry_aikivudao_1-128x300.jpg 128w, https:\/\/aikivudao.com\/wp-content\/uploads\/2020\/04\/thierry_aikivudao_1-85x200.jpg 85w\" sizes=\"(max-width: 341px) 100vw, 341px\" \/><figcaption class=\"blocks-gallery-item__caption\">jury 2018<\/figcaption><\/figure><\/li><li class=\"blocks-gallery-item\"><figure><img decoding=\"async\" loading=\"lazy\" width=\"533\" height=\"800\" src=\"https:\/\/aikivudao.com\/wp-content\/uploads\/2020\/04\/thierry_aikivudao_2.jpg\" alt=\"\" data-id=\"2013\" data-link=\"https:\/\/aikivudao.com\/?attachment_id=2013\" class=\"wp-image-2013\" srcset=\"https:\/\/aikivudao.com\/wp-content\/uploads\/2020\/04\/thierry_aikivudao_2.jpg 533w, https:\/\/aikivudao.com\/wp-content\/uploads\/2020\/04\/thierry_aikivudao_2-200x300.jpg 200w, https:\/\/aikivudao.com\/wp-content\/uploads\/2020\/04\/thierry_aikivudao_2-133x200.jpg 133w\" sizes=\"(max-width: 533px) 100vw, 533px\" \/><figcaption class=\"blocks-gallery-item__caption\">stage combat<\/figcaption><\/figure><\/li><li class=\"blocks-gallery-item\"><figure><img decoding=\"async\" loading=\"lazy\" width=\"800\" height=\"495\" src=\"https:\/\/aikivudao.com\/wp-content\/uploads\/2020\/04\/thierry_aikivudao_5.jpg\" alt=\"\" data-id=\"2014\" data-full-url=\"https:\/\/aikivudao.com\/wp-content\/uploads\/2020\/04\/thierry_aikivudao_5.jpg\" data-link=\"https:\/\/aikivudao.com\/?attachment_id=2014\" class=\"wp-image-2014\" srcset=\"https:\/\/aikivudao.com\/wp-content\/uploads\/2020\/04\/thierry_aikivudao_5.jpg 800w, https:\/\/aikivudao.com\/wp-content\/uploads\/2020\/04\/thierry_aikivudao_5-300x186.jpg 300w, https:\/\/aikivudao.com\/wp-content\/uploads\/2020\/04\/thierry_aikivudao_5-768x475.jpg 768w, https:\/\/aikivudao.com\/wp-content\/uploads\/2020\/04\/thierry_aikivudao_5-323x200.jpg 323w\" sizes=\"(max-width: 800px) 100vw, 800px\" \/><figcaption class=\"blocks-gallery-item__caption\">stage 2016<\/figcaption><\/figure><\/li><li class=\"blocks-gallery-item\"><figure><img decoding=\"async\" loading=\"lazy\" width=\"442\" height=\"800\" src=\"https:\/\/aikivudao.com\/wp-content\/uploads\/2020\/04\/thierry_aikivudao_3.jpg\" alt=\"\" data-id=\"2016\" data-full-url=\"https:\/\/aikivudao.com\/wp-content\/uploads\/2020\/04\/thierry_aikivudao_3.jpg\" data-link=\"https:\/\/aikivudao.com\/?attachment_id=2016\" class=\"wp-image-2016\" srcset=\"https:\/\/aikivudao.com\/wp-content\/uploads\/2020\/04\/thierry_aikivudao_3.jpg 442w, https:\/\/aikivudao.com\/wp-content\/uploads\/2020\/04\/thierry_aikivudao_3-166x300.jpg 166w, https:\/\/aikivudao.com\/wp-content\/uploads\/2020\/04\/thierry_aikivudao_3-111x200.jpg 111w\" sizes=\"(max-width: 442px) 100vw, 442px\" \/><figcaption class=\"blocks-gallery-item__caption\">stage 2016<\/figcaption><\/figure><\/li><\/ul><\/figure>\n\n\n\n<p><strong>&#8211; Quand as tu commenc\u00e9 l\u2019aikido\/aikivudao ?<\/strong><br>J\u2019ai commenc\u00e9 la pratique de l\u2019aikibudo de Jean Pierre (aikivudao) courant 1987<\/p>\n\n\n\n<p>&#8211;<strong> Qu\u2019est ce qui t\u2019as emmen\u00e9 \u00e0 pratiquer ?<\/strong><br>Deux copains de classes en 1ere S parlaient aikibudo. J\u2019avais fait 6 mois d\u2019a\u00efkido traditionnel avec M Mercier et je n\u2019avais pas du tout accroch\u00e9 \u00e0 cette pratique. Ils m\u2019ont propos\u00e9 de venir essayer \u00e0 l\u2019AKA Club (10\u00e8me arrondissement de Marseille). J\u2019y suis all\u00e9.<\/p>\n\n\n\n<p><strong>&#8211; Pourquoi l\u2019a\u00efkido\/aikivudao ?<\/strong><br>Parce que j\u2019avais essay\u00e9 l\u2019a\u00efkido traditionnel dont j\u2019aimais les techniques mais pas la pratique et que j\u2019ai pu essayer l\u2019enseignement de Jean Pierre et du coup d\u00e9couvrir un art martial rugueux, guerrier, qui correspondait \u00e0 mes recherches.<\/p>\n\n\n\n<p><strong>&#8211; Comment se sont pass\u00e9 tes premiers cours, quel \u00e2ge avais-tu ?<\/strong><br>Mes premiers cours se sont tr\u00e8s bien pass\u00e9s. J\u2019ai tr\u00e8s bien \u00e9t\u00e9 accueilli par les grad\u00e9s, tr\u00e8s bien \u00e9t\u00e9 accompagn\u00e9. Je venais d\u2019avoir 17 ans.<\/p>\n\n\n\n<p><strong>&#8211; As tu d\u00e9j\u00e0 pratique d\u2019autres arts martiaux, lesquels et combie<\/strong>n de temps ?<br>Comme je l\u2019ai dit pr\u00e9c\u00e9demment, j\u2019avais pratiqu\u00e9 6 mois l\u2019a\u00efkido traditionnel.<\/p>\n\n\n\n<p><strong>&#8211; As-tu d\u00e9j\u00e0 pratique d\u2019autre sports, lesquels et combien de temps ?<\/strong><br>Du handball pendant 1 an<\/p>\n\n\n\n<p><strong>&#8211; Que penses-tu de l\u2019a\u00efkido moderne ?<\/strong><br>L\u2019a\u00efkido moderne ne l\u2019est pas. Un art de la guerre est par d\u00e9finition au plus pr\u00e8s de la modernit\u00e9, en perp\u00e9tuelle mutation. Les Ryu auraient fait \u00e9voluer leur pratique depuis 130 ans si elles n\u2019avaient pas disparu. Nous avons dans les arts martiaux \u00ab&nbsp;traditionnels&nbsp;\u00bb une photographie d\u2019il y a plus d\u2019un si\u00e8cle. S\u2019il n\u2019y a pas de comp\u00e9tition pour constituer une motivation, comme c\u2019est le cas en a\u00efkido, il ne rencontrera pas son public dans le futur.<\/p>\n\n\n\n<p><strong>&#8211; Pourquoi continuer \u00e0 pratiquer ? Qu\u2019est-ce que \u00e7a t\u2019apporte ? Dans la vie en g\u00e9n\u00e9ral ?<\/strong><br>Pour prolonger l\u2019\u00e9cole de mon maitre, Jean Pierre Rouvi\u00e8re. Je ne suis plus actuellement dans une pratique de l\u2019a\u00efkibudo JPR, mais je sais pourquoi j\u2019y \u00e9tais entr\u00e9&nbsp;: pour le combat. Et bien s\u00fbr, cela m\u2019a appris \u00e0 bien g\u00e9rer un combat, mais ce que l\u2019a\u00efkibudo JPR m\u2019a le plus appris, c\u2019est la maitrise de soi et \u00e9viter le combat, ce qui m\u2019a finalement plus servi dans ma vie \u2026<\/p>\n\n\n\n<p><strong>&#8211; Quels sont les meilleurs moments v\u00e9cus \u00e0 l\u2019aikivudao ?<\/strong><br>Mes 15 premi\u00e8res ann\u00e9es de pratique, o\u00f9 personne n\u2019h\u00e9sitait \u00e0 s\u2019investir physiquement \u00e0 fond dans les randoris, personne ne se cachait derri\u00e8re une excuse fragile pour ne pas s\u2019investir.<\/p>\n\n\n\n<p><strong>&#8211; Quels furent les moments les plus difficiles ?<\/strong><br>L\u2019a\u00efkibudo JPR \u00e9tait un des piliers majeurs de ma vie. Ce qui a \u00e9t\u00e9 dur c\u2019est, \u00e0 partir d\u2019un certain niveau (2<sup>\u00e8me<\/sup> dan), de ne plus trouver de chemin de progression. M\u00eame si je m\u2019investissais dans tout ce que je pouvais (principalement technique et p\u00e9dagogie), il n\u2019y avait plus de contenu \u00e9tabli dans la pratique.<br>Ensuite, fut le moment de l\u2019Avc de mon maitre.<br>Le troisi\u00e8me moment difficile a \u00e9t\u00e9, apr\u00e8s une interruption de quelques ann\u00e9es, de voir une d\u00e9gradation nette dans le niveau de pratique des nouveaux grad\u00e9s.<\/p>\n\n\n\n<p><strong>&#8211; Comment vois tu ton \u00e9volution dans l\u2019aikivudao (enseigner, progresser, passer des grades, ouvrir une salle, faire des stages en donner, &#8230;)<\/strong><br>Je ne sais pas. Je dirais essentiellement reprendre mon niveau, et \u00e9ventuellement m\u2019investir \u00e0 introduire de nouvelles techniques, dans l\u2019esprit de grande ouverture de notre ma\u00eetre.<\/p>\n\n\n\n<p><strong>&#8211; Quels sont les maitres d\u2019arts martiaux qui t\u2019inspirent le plus ?<\/strong><br>Ce ne sont pas des maitres d\u2019art martiaux japonais, voire des individus tout court&nbsp;: Franck Roppers, Fred Mastro, Hugo Tronche.<\/p>\n\n\n\n<p><strong>&#8211; Quels sont les ma\u00eetres d\u2019a\u00efkido qui t\u2019inspirent le plus ?<\/strong><br>Aucun maitre d\u2019a\u00efkido ne m\u2019inspire actuellement.<\/p>\n\n\n\n<p><strong>&#8211; Comment t\u2019imagines-tu dans plusieurs ann\u00e9es ? Encore pratiquant ?<\/strong><br>Toujours dans la f\u00e9d\u00e9ration, par fid\u00e9lit\u00e9 envers mon ma\u00eetre et aussi par fid\u00e9lit\u00e9 envers notre DTN actuel.<br>Je ne sais pas si je serai encore pratiquant. La vie me le dira.<\/p>\n\n\n\n<p><strong>&#8211; Crois tu que les arts martiaux donnent un \u00ab pouvoir suppl\u00e9mentaire \u00bb ?&#8230;<\/strong><br>Oui. Un grand pouvoir&nbsp;: celui de se contr\u00f4ler et de ne pas se battre, sauf pouss\u00e9 au-del\u00e0 des limites (et encore \u2026)<\/p>\n","protected":false},"excerpt":{"rendered":"<p>50 ans, n\u00e9 \u00e0 Marseille S\u00e9rie d&rsquo;interviews des pratiquants d&rsquo;a\u00efkivudao. Chacun s&rsquo;est pr\u00eat\u00e9 \u00e0 un jeu de questions-r\u00e9ponses afin de pr\u00e9senter son parcours dans les arts martiaux et dans l&rsquo;a\u00efkivudao. &#8211; Quand as tu commenc\u00e9 l\u2019aikido\/aikivudao ?J\u2019ai commenc\u00e9 la pratique de l\u2019aikibudo de Jean Pierre (aikivudao) courant 1987 &#8211; Qu\u2019est &hellip;<\/p>\n","protected":false},"author":1,"featured_media":2015,"comment_status":"closed","ping_status":"closed","sticky":false,"template":"","format":"standard","meta":[],"categories":[17],"tags":[],"yoast_head":"<!-- This site is optimized with the Yoast SEO plugin v21.1 - https:\/\/yoast.com\/wordpress\/plugins\/seo\/ -->\n<title>Thierry - AIKI VU DAO<\/title>\n<meta name=\"robots\" content=\"index, follow, max-snippet:-1, max-image-preview:large, max-video-preview:-1\" \/>\n<link rel=\"canonical\" href=\"https:\/\/aikivudao.com\/?p=2009\" \/>\n<meta property=\"og:locale\" content=\"fr_FR\" \/>\n<meta property=\"og:type\" content=\"article\" \/>\n<meta property=\"og:title\" content=\"Thierry - AIKI VU DAO\" \/>\n<meta property=\"og:description\" content=\"50 ans, n\u00e9 \u00e0 Marseille S\u00e9rie d&rsquo;interviews des pratiquants d&rsquo;a\u00efkivudao. Chacun s&rsquo;est pr\u00eat\u00e9 \u00e0 un jeu de questions-r\u00e9ponses afin de pr\u00e9senter son parcours dans les arts martiaux et dans l&rsquo;a\u00efkivudao. &#8211; Quand as tu commenc\u00e9 l\u2019aikido\/aikivudao ?J\u2019ai commenc\u00e9 la pratique de l\u2019aikibudo de Jean Pierre (aikivudao) courant 1987 &#8211; Qu\u2019est &hellip;\" \/>\n<meta property=\"og:url\" content=\"https:\/\/aikivudao.com\/?p=2009\" \/>\n<meta property=\"og:site_name\" content=\"AIKI VU DAO\" \/>\n<meta property=\"article:published_time\" content=\"2020-04-12T13:49:36+00:00\" \/>\n<meta property=\"article:modified_time\" content=\"2020-04-12T13:54:03+00:00\" \/>\n<meta property=\"og:image\" content=\"https:\/\/aikivudao.com\/wp-content\/uploads\/2020\/04\/thierry_aikivudao_4.jpg\" \/>\n\t<meta property=\"og:image:width\" content=\"800\" \/>\n\t<meta property=\"og:image:height\" content=\"533\" \/>\n\t<meta property=\"og:image:type\" content=\"image\/jpeg\" \/>\n<meta name=\"author\" content=\"admin\" \/>\n<meta name=\"twitter:card\" content=\"summary_large_image\" \/>\n<script type=\"application\/ld+json\" class=\"yoast-schema-graph\">{\"@context\":\"https:\/\/schema.org\",\"@graph\":[{\"@type\":\"WebPage\",\"@id\":\"https:\/\/aikivudao.com\/?p=2009\",\"url\":\"https:\/\/aikivudao.com\/?p=2009\",\"name\":\"Thierry - AIKI VU DAO\",\"isPartOf\":{\"@id\":\"https:\/\/aikivudao.com\/#website\"},\"datePublished\":\"2020-04-12T13:49:36+00:00\",\"dateModified\":\"2020-04-12T13:54:03+00:00\",\"author\":{\"@id\":\"https:\/\/aikivudao.com\/#\/schema\/person\/72749871c5f6a830dda75714f57c0b08\"},\"breadcrumb\":{\"@id\":\"https:\/\/aikivudao.com\/?p=2009#breadcrumb\"},\"inLanguage\":\"fr-FR\",\"potentialAction\":[{\"@type\":\"ReadAction\",\"target\":[\"https:\/\/aikivudao.com\/?p=2009\"]}]},{\"@type\":\"BreadcrumbList\",\"@id\":\"https:\/\/aikivudao.com\/?p=2009#breadcrumb\",\"itemListElement\":[{\"@type\":\"ListItem\",\"position\":1,\"name\":\"Accueil\",\"item\":\"https:\/\/aikivudao.com\/\"},{\"@type\":\"ListItem\",\"position\":2,\"name\":\"Thierry\"}]},{\"@type\":\"WebSite\",\"@id\":\"https:\/\/aikivudao.com\/#website\",\"url\":\"https:\/\/aikivudao.com\/\",\"name\":\"AIKI VU DAO\",\"description\":\"Ecole d&#039;A\u00efkido - art martial japonais, aikibudoviet\",\"potentialAction\":[{\"@type\":\"SearchAction\",\"target\":{\"@type\":\"EntryPoint\",\"urlTemplate\":\"https:\/\/aikivudao.com\/?s={search_term_string}\"},\"query-input\":\"required name=search_term_string\"}],\"inLanguage\":\"fr-FR\"},{\"@type\":\"Person\",\"@id\":\"https:\/\/aikivudao.com\/#\/schema\/person\/72749871c5f6a830dda75714f57c0b08\",\"name\":\"admin\",\"image\":{\"@type\":\"ImageObject\",\"inLanguage\":\"fr-FR\",\"@id\":\"https:\/\/aikivudao.com\/#\/schema\/person\/image\/\",\"url\":\"https:\/\/secure.gravatar.com\/avatar\/fc462b8aa7e422ed474762ee47ac3165?s=96&d=mm&r=g\",\"contentUrl\":\"https:\/\/secure.gravatar.com\/avatar\/fc462b8aa7e422ed474762ee47ac3165?s=96&d=mm&r=g\",\"caption\":\"admin\"},\"url\":\"https:\/\/aikivudao.com\/?author=1\"}]}<\/script>\n<!-- \/ Yoast SEO plugin. -->","yoast_head_json":{"title":"Thierry - AIKI VU DAO","robots":{"index":"index","follow":"follow","max-snippet":"max-snippet:-1","max-image-preview":"max-image-preview:large","max-video-preview":"max-video-preview:-1"},"canonical":"https:\/\/aikivudao.com\/?p=2009","og_locale":"fr_FR","og_type":"article","og_title":"Thierry - AIKI VU DAO","og_description":"50 ans, n\u00e9 \u00e0 Marseille S\u00e9rie d&rsquo;interviews des pratiquants d&rsquo;a\u00efkivudao. Chacun s&rsquo;est pr\u00eat\u00e9 \u00e0 un jeu de questions-r\u00e9ponses afin de pr\u00e9senter son parcours dans les arts martiaux et dans l&rsquo;a\u00efkivudao. &#8211; Quand as tu commenc\u00e9 l\u2019aikido\/aikivudao ?J\u2019ai commenc\u00e9 la pratique de l\u2019aikibudo de Jean Pierre (aikivudao) courant 1987 &#8211; Qu\u2019est &hellip;","og_url":"https:\/\/aikivudao.com\/?p=2009","og_site_name":"AIKI VU DAO","article_published_time":"2020-04-12T13:49:36+00:00","article_modified_time":"2020-04-12T13:54:03+00:00","og_image":[{"width":800,"height":533,"url":"https:\/\/aikivudao.com\/wp-content\/uploads\/2020\/04\/thierry_aikivudao_4.jpg","type":"image\/jpeg"}],"author":"admin","twitter_card":"summary_large_image","schema":{"@context":"https:\/\/schema.org","@graph":[{"@type":"WebPage","@id":"https:\/\/aikivudao.com\/?p=2009","url":"https:\/\/aikivudao.com\/?p=2009","name":"Thierry - AIKI VU DAO","isPartOf":{"@id":"https:\/\/aikivudao.com\/#website"},"datePublished":"2020-04-12T13:49:36+00:00","dateModified":"2020-04-12T13:54:03+00:00","author":{"@id":"https:\/\/aikivudao.com\/#\/schema\/person\/72749871c5f6a830dda75714f57c0b08"},"breadcrumb":{"@id":"https:\/\/aikivudao.com\/?p=2009#breadcrumb"},"inLanguage":"fr-FR","potentialAction":[{"@type":"ReadAction","target":["https:\/\/aikivudao.com\/?p=2009"]}]},{"@type":"BreadcrumbList","@id":"https:\/\/aikivudao.com\/?p=2009#breadcrumb","itemListElement":[{"@type":"ListItem","position":1,"name":"Accueil","item":"https:\/\/aikivudao.com\/"},{"@type":"ListItem","position":2,"name":"Thierry"}]},{"@type":"WebSite","@id":"https:\/\/aikivudao.com\/#website","url":"https:\/\/aikivudao.com\/","name":"AIKI VU DAO","description":"Ecole d&#039;A\u00efkido - art martial japonais, aikibudoviet","potentialAction":[{"@type":"SearchAction","target":{"@type":"EntryPoint","urlTemplate":"https:\/\/aikivudao.com\/?s={search_term_string}"},"query-input":"required name=search_term_string"}],"inLanguage":"fr-FR"},{"@type":"Person","@id":"https:\/\/aikivudao.com\/#\/schema\/person\/72749871c5f6a830dda75714f57c0b08","name":"admin","image":{"@type":"ImageObject","inLanguage":"fr-FR","@id":"https:\/\/aikivudao.com\/#\/schema\/person\/image\/","url":"https:\/\/secure.gravatar.com\/avatar\/fc462b8aa7e422ed474762ee47ac3165?s=96&d=mm&r=g","contentUrl":"https:\/\/secure.gravatar.com\/avatar\/fc462b8aa7e422ed474762ee47ac3165?s=96&d=mm&r=g","caption":"admin"},"url":"https:\/\/aikivudao.com\/?author=1"}]}},"_links":{"self":[{"href":"https:\/\/aikivudao.com\/index.php?rest_route=\/wp\/v2\/posts\/2009"}],"collection":[{"href":"https:\/\/aikivudao.com\/index.php?rest_route=\/wp\/v2\/posts"}],"about":[{"href":"https:\/\/aikivudao.com\/index.php?rest_route=\/wp\/v2\/types\/post"}],"author":[{"embeddable":true,"href":"https:\/\/aikivudao.com\/index.php?rest_route=\/wp\/v2\/users\/1"}],"replies":[{"embeddable":true,"href":"https:\/\/aikivudao.com\/index.php?rest_route=%2Fwp%2Fv2%2Fcomments&post=2009"}],"version-history":[{"count":4,"href":"https:\/\/aikivudao.com\/index.php?rest_route=\/wp\/v2\/posts\/2009\/revisions"}],"predecessor-version":[{"id":2019,"href":"https:\/\/aikivudao.com\/index.php?rest_route=\/wp\/v2\/posts\/2009\/revisions\/2019"}],"wp:featuredmedia":[{"embeddable":true,"href":"https:\/\/aikivudao.com\/index.php?rest_route=\/wp\/v2\/media\/2015"}],"wp:attachment":[{"href":"https:\/\/aikivudao.com\/index.php?rest_route=%2Fwp%2Fv2%2Fmedia&parent=2009"}],"wp:term":[{"taxonomy":"category","embeddable":true,"href":"https:\/\/aikivudao.com\/index.php?rest_route=%2Fwp%2Fv2%2Fcategories&post=2009"},{"taxonomy":"post_tag","embeddable":true,"href":"https:\/\/aikivudao.com\/index.php?rest_route=%2Fwp%2Fv2%2Ftags&post=2009"}],"curies":[{"name":"wp","href":"https:\/\/api.w.org\/{rel}","templated":true}]}}