{"id":1849,"date":"2020-03-20T20:02:36","date_gmt":"2020-03-20T19:02:36","guid":{"rendered":"http:\/\/aikivudao.com\/?p=1849"},"modified":"2020-04-12T16:00:22","modified_gmt":"2020-04-12T14:00:22","slug":"interview-jean-pierre","status":"publish","type":"post","link":"https:\/\/aikivudao.com\/?p=1849","title":{"rendered":"Jean-Pierre"},"content":{"rendered":"\n<p>Jean Pierre a 64 ans. N\u00e9 \u00e0 Marseille en 1956.<\/p>\n\n\n\n<p><em>S\u00e9rie d&rsquo;interviews des pratiquants d&rsquo;a\u00efkivudao. Chacun s&rsquo;est pr\u00eat\u00e9 \u00e0 un jeu de questions-r\u00e9ponses afin de pr\u00e9senter son parcours dans les arts martiaux et dans l&rsquo;a\u00efkivudao.<\/em><\/p>\n\n\n\n<figure class=\"is-layout-flex wp-block-gallery-1 wp-block-gallery columns-4 is-cropped\"><ul class=\"blocks-gallery-grid\"><li class=\"blocks-gallery-item\"><figure><img decoding=\"async\" loading=\"lazy\" width=\"1024\" height=\"768\" src=\"https:\/\/aikivudao.com\/wp-content\/uploads\/2019\/06\/DSCN4620-1024x768.jpg\" alt=\"\" data-id=\"1704\" data-full-url=\"https:\/\/aikivudao.com\/wp-content\/uploads\/2019\/06\/DSCN4620.jpg\" data-link=\"https:\/\/aikivudao.com\/?attachment_id=1704\" class=\"wp-image-1704\" srcset=\"https:\/\/aikivudao.com\/wp-content\/uploads\/2019\/06\/DSCN4620-1024x768.jpg 1024w, https:\/\/aikivudao.com\/wp-content\/uploads\/2019\/06\/DSCN4620-300x225.jpg 300w, https:\/\/aikivudao.com\/wp-content\/uploads\/2019\/06\/DSCN4620-768x576.jpg 768w, https:\/\/aikivudao.com\/wp-content\/uploads\/2019\/06\/DSCN4620-267x200.jpg 267w\" sizes=\"(max-width: 1024px) 100vw, 1024px\" \/><figcaption class=\"blocks-gallery-item__caption\">passage 1er Dang<\/figcaption><\/figure><\/li><li class=\"blocks-gallery-item\"><figure><img decoding=\"async\" loading=\"lazy\" width=\"200\" height=\"300\" src=\"https:\/\/aikivudao.com\/wp-content\/uploads\/2018\/07\/Jean_Pierre_C.jpg\" alt=\"\" data-id=\"1281\" data-full-url=\"https:\/\/aikivudao.com\/wp-content\/uploads\/2018\/07\/Jean_Pierre_C.jpg\" data-link=\"https:\/\/aikivudao.com\/?attachment_id=1281\" class=\"wp-image-1281\" srcset=\"https:\/\/aikivudao.com\/wp-content\/uploads\/2018\/07\/Jean_Pierre_C.jpg 200w, https:\/\/aikivudao.com\/wp-content\/uploads\/2018\/07\/Jean_Pierre_C-133x200.jpg 133w\" sizes=\"(max-width: 200px) 100vw, 200px\" \/><figcaption class=\"blocks-gallery-item__caption\">Jean-Pierre<\/figcaption><\/figure><\/li><li class=\"blocks-gallery-item\"><figure><img decoding=\"async\" loading=\"lazy\" width=\"800\" height=\"730\" src=\"https:\/\/aikivudao.com\/wp-content\/uploads\/2015\/03\/025_l.jpg\" alt=\"\" data-id=\"880\" data-full-url=\"https:\/\/aikivudao.com\/wp-content\/uploads\/2015\/03\/025_l.jpg\" data-link=\"https:\/\/aikivudao.com\/?attachment_id=880\" class=\"wp-image-880\" srcset=\"https:\/\/aikivudao.com\/wp-content\/uploads\/2015\/03\/025_l.jpg 800w, https:\/\/aikivudao.com\/wp-content\/uploads\/2015\/03\/025_l-300x274.jpg 300w, https:\/\/aikivudao.com\/wp-content\/uploads\/2015\/03\/025_l-768x701.jpg 768w\" sizes=\"(max-width: 800px) 100vw, 800px\" \/><figcaption class=\"blocks-gallery-item__caption\">Cours 13013 Marseille<\/figcaption><\/figure><\/li><li class=\"blocks-gallery-item\"><figure><img decoding=\"async\" loading=\"lazy\" width=\"1024\" height=\"768\" src=\"https:\/\/aikivudao.com\/wp-content\/uploads\/2019\/05\/famillathlon2017_1-1024x768.jpg\" alt=\"\" data-id=\"1660\" data-full-url=\"https:\/\/aikivudao.com\/wp-content\/uploads\/2019\/05\/famillathlon2017_1.jpg\" data-link=\"https:\/\/aikivudao.com\/?attachment_id=1660\" class=\"wp-image-1660\" srcset=\"https:\/\/aikivudao.com\/wp-content\/uploads\/2019\/05\/famillathlon2017_1.jpg 1024w, https:\/\/aikivudao.com\/wp-content\/uploads\/2019\/05\/famillathlon2017_1-300x225.jpg 300w, https:\/\/aikivudao.com\/wp-content\/uploads\/2019\/05\/famillathlon2017_1-768x576.jpg 768w, https:\/\/aikivudao.com\/wp-content\/uploads\/2019\/05\/famillathlon2017_1-267x200.jpg 267w\" sizes=\"(max-width: 1024px) 100vw, 1024px\" \/><figcaption class=\"blocks-gallery-item__caption\">Stand famiathlon<\/figcaption><\/figure><\/li><\/ul><\/figure>\n\n\n\n<p><strong>&#8211; quand as tu commence l\u2019aikido\/aikivudao ?<\/strong> <br>J\u2019ai commenc\u00e9 \u00e0 la rentr\u00e9e sportive de la saison 2013\/2014, il y a 7 ans.<\/p>\n\n\n\n<p><strong>&#8211; qu\u2019est ce qui t\u2019as emmen\u00e9 \u00e0 pratiquer ?<\/strong> <br>J\u2019ai  toujours fait du sport et, \u00e9tant arriv\u00e9 \u00e0 un stade aujourd\u2019hui o\u00f9  l\u2019entretien de la souplesse \u00e9tait pour moi tr\u00e8s important, j\u2019avais dans l\u2019id\u00e9e de me tourner vers l\u2019a\u00efkido.<\/p>\n\n\n\n<p><strong>&#8211; pourquoi l\u2019a\u00efkido\/aikivudao ?&nbsp;<\/strong><br>En  fait, c\u2019est un copain d\u2019\u00e9cole qui pratiquait cette discipline et qui  nous montrait des trucs et nous portait des cl\u00e9s. Ayant un peu pratiqu\u00e9  le judo et le karat\u00e9 dans ma jeunesse, j\u2019ai eu envie d\u2019aller  vers cet autre art martial. Je n\u2019ai pas choisi entre a\u00efkido ou  a\u00efkivudao. En fait, ce qui m\u2019importait, c\u2019\u00e9tait de d\u00e9couvrir l\u2019a\u00efkido.  Alors, en&nbsp;m\u00eame temps que mon&nbsp;m\u00e9decin m\u2019\u00e9tablissait&nbsp;mon certificat  m\u00e9dical pour la&nbsp;course \u00e0 pied et que je lui demandait aussi un  certificat m\u00e9dical pour l\u2019a\u00efkido, c\u2019est lui qui m\u2019a orient\u00e9 vers le club  de la batarelle car il y avait inscrit son fils auparavant.<\/p>\n\n\n\n<p><strong>&#8211; comment se sont pass\u00e9 tes premiers cours, quel \u00e2ge avais tu ?<\/strong> Ma  rencontre avec l\u2019a\u00efkibudoviet (\u00e0 propos, il y a toute une histoire sur  l\u2019a\u00efkibudo et l\u2019a\u00efkivudao) je l\u2019ai faite \u00e0 l\u2019\u00e2ge de 57 ans. De mes  premiers cours je me souviens de ma facilit\u00e9 \u00e0&nbsp;travailler&nbsp;en pr\u00e9hension  lors des oppositions au sol ou de ma facilit\u00e9 \u00e0 aller \u00e0 la chute.  Les&nbsp;aptitudes acquises au judo revenaient assez facilement et ma  condition physique&nbsp;faisait que je n\u2019avais pas trop de probl\u00e8mes. Par  contre, l\u2019assimilation des nouveaux mouvements et des techniques  sp\u00e9cifiques \u00e0 cette discipline m\u2019a fait un peu douter au d\u00e9but.<\/p>\n\n\n\n<p><strong>&#8211; as tu d\u00e9j\u00e0 pratique d\u2019autre sports, lesquels et combien de temps ?<\/strong> <br>Oui, jeune, j\u2019ai fait du judo avec mon fr\u00e8re puis du karat\u00e9.&nbsp;Plus tard, j\u2019ai pratiqu\u00e9 &nbsp;la chasse sous marine pendant 20 ans et le triathlon pendant 15 ans.<\/p>\n\n\n\n<p><strong>&#8211; que penses tu de l\u2019a\u00efkido moderne ?<\/strong> <br>Comment  r\u00e9pondre &#8211; moderne par rapport \u00e0 quoi ? Si l\u2019on prend la&nbsp;d\u00e9finition de  ce mot&nbsp;\u201d&nbsp;moderne\u201d qui est : \u00ab\u00a0Qui appartient au temps pr\u00e9sent ou \u00e0 une  \u00e9poque relativement r\u00e9cente\u201d l\u2019a\u00efkido, en soi, ne peut pas \u00eatre moderne  !! Ce qui est moderne, c\u2019est plus la mani\u00e8re de le diffuser ou de le  pratiquer. Il me semble que c\u2019est pour&nbsp;cela que notre fondateur, Jean  Pierre ROUVIERE, a cr\u00e9\u00e9 sa propre \u00e9cole afin retrouver un a\u00efki (comme  il dit) traditionnel tel qu\u2019il l\u2019a appris : \u00e0 la fois technique et rude  mais aussi rigoureux.&nbsp;<\/p>\n\n\n\n<p><strong>&#8211; pourquoi continuer \u00e0 pratiquer ? Qu\u2019est ce que \u00e7a t\u2019apporte ? Dans la vie en g\u00e9n\u00e9ral ?<\/strong>&nbsp;<br>Pour ma part, ce qui me plait&nbsp;c\u2019est justement ce c\u00f4t\u00e9 martial et ancestral voire mystique et la possibilit\u00e9 d\u2019aller  sur un chemin vers les autres et vers moi m\u00eame. C\u2019est aussi une mani\u00e8re  d\u2019\u00eatre encore actif, en bonne condition physique et avec une bonne  hygi\u00e8ne de vie.<\/p>\n\n\n\n<p><strong>&#8211; quels sont les meilleurs moments v\u00e9cus \u00e0 l\u2019aikivudao ?<\/strong> <br>Je  garde l\u2019image voire le film de mon passage du grade \u00ab\u00a0ceinture noire\u00a0\u00bb  qui&nbsp;rev\u00eat pour moi toute une symbolique \u00e9tant le dernier CN form\u00e9 par  Jean-Pierre Rouvi\u00e8re.<\/p>\n\n\n\n<p><strong>&#8211; quels furent les moments les plus difficiles ?<\/strong> <br>Je  n\u2019en vois pas si ce n\u2019est un probl\u00e8me de m\u00e9nisques suite aux nombreuses  courses \u00e0 mon actif (trails ou marathons surtout). Du coup, le travail \u00e0  genoux (suwari-waza) est difficile mais je fais attention.<\/p>\n\n\n\n<p><strong>&#8211;  comment vois tu ton \u00e9volution dans l\u2019aikivudao (enseigner, progresser,  passer des grades, ouvrir une salle, faire des stages en donner, \u2026) ?<\/strong> <br>A  mon \u00e2ge, la perspective est plus d&rsquo;apporter un soutien \u00e0 mes coll\u00e8gues.  C\u2019est ce que je fais en \u00e9tant sur des postes de gestion dans les  associations (comptable \u00e0 la retraite), leur laissant plus de libert\u00e9  pour g\u00e9rer les questions d\u2019enseignement. Mais je suis aussi l\u00e0 pour les  seconder au besoin et transmettre, \u00e0 mon tour, ce qui m\u2019a \u00e9t\u00e9&nbsp;transmis.<\/p>\n\n\n\n<p><strong>&#8211; quels sont les maitre d\u2019arts martiaux qui t\u2019inspirent le plus ou&nbsp;quels sont les ma\u00eetres d\u2019a\u00efkido qui t\u2019inspirent le plus ?<\/strong> <br>Les  ma\u00eetres !! Sans aller si loin, mes mod\u00e8les sont Jean Paul COCHE pour le  judo et Dominique VALERA pour le karat\u00e9. <br>Apr\u00e8s, ma jeunesse a aussi \u00e9t\u00e9  marqu\u00e9e par Bruce LEE.<\/p>\n\n\n\n<p><strong>&#8211; comment t\u2019imagines tu dans plusieurs ann\u00e9es ? Encore pratiquant ?<\/strong> <br>Oui, tant que je pourrais !!<\/p>\n\n\n\n<p><strong>&#8211; crois tu que les arts martiaux donnent un \u00ab pouvoir suppl\u00e9mentaire \u00bb ?<\/strong><br>\u2026 Peut-\u00eatre, pour les AGO (Note : \u00ab\u00a0Assembl\u00e9e g\u00e9n\u00e9rales ordinaires o\u00f9 un pouvoir est requis\u00a0\u00bb)?<\/p>\n\n\n\n<p><strong>&#8211; souhaites tu t\u2019investir dans la f\u00e9d\u00e9ration ou la technique ?<\/strong> Je continuerai \u00e0 le faire. <\/p>\n","protected":false},"excerpt":{"rendered":"<p>Jean Pierre a 64 ans. N\u00e9 \u00e0 Marseille en 1956. S\u00e9rie d&rsquo;interviews des pratiquants d&rsquo;a\u00efkivudao. Chacun s&rsquo;est pr\u00eat\u00e9 \u00e0 un jeu de questions-r\u00e9ponses afin de pr\u00e9senter son parcours dans les arts martiaux et dans l&rsquo;a\u00efkivudao. &#8211; quand as tu commence l\u2019aikido\/aikivudao ? J\u2019ai commenc\u00e9 \u00e0 la rentr\u00e9e sportive de la &hellip;<\/p>\n","protected":false},"author":1,"featured_media":2023,"comment_status":"closed","ping_status":"closed","sticky":false,"template":"","format":"standard","meta":[],"categories":[17],"tags":[],"yoast_head":"<!-- This site is optimized with the Yoast SEO plugin v21.1 - https:\/\/yoast.com\/wordpress\/plugins\/seo\/ -->\n<title>Jean-Pierre - AIKI VU DAO<\/title>\n<meta name=\"robots\" content=\"index, follow, max-snippet:-1, max-image-preview:large, max-video-preview:-1\" \/>\n<link rel=\"canonical\" href=\"https:\/\/aikivudao.com\/?p=1849\" \/>\n<meta property=\"og:locale\" content=\"fr_FR\" \/>\n<meta property=\"og:type\" content=\"article\" \/>\n<meta property=\"og:title\" content=\"Jean-Pierre - AIKI VU DAO\" \/>\n<meta property=\"og:description\" content=\"Jean Pierre a 64 ans. N\u00e9 \u00e0 Marseille en 1956. S\u00e9rie d&rsquo;interviews des pratiquants d&rsquo;a\u00efkivudao. Chacun s&rsquo;est pr\u00eat\u00e9 \u00e0 un jeu de questions-r\u00e9ponses afin de pr\u00e9senter son parcours dans les arts martiaux et dans l&rsquo;a\u00efkivudao. &#8211; quand as tu commence l\u2019aikido\/aikivudao ? J\u2019ai commenc\u00e9 \u00e0 la rentr\u00e9e sportive de la &hellip;\" \/>\n<meta property=\"og:url\" content=\"https:\/\/aikivudao.com\/?p=1849\" \/>\n<meta property=\"og:site_name\" content=\"AIKI VU DAO\" \/>\n<meta property=\"article:published_time\" content=\"2020-03-20T19:02:36+00:00\" \/>\n<meta property=\"article:modified_time\" content=\"2020-04-12T14:00:22+00:00\" \/>\n<meta property=\"og:image\" content=\"https:\/\/aikivudao.com\/wp-content\/uploads\/2020\/03\/jpc_aikivudao_2.jpg\" \/>\n\t<meta property=\"og:image:width\" content=\"800\" \/>\n\t<meta property=\"og:image:height\" content=\"556\" \/>\n\t<meta property=\"og:image:type\" content=\"image\/jpeg\" \/>\n<meta name=\"author\" content=\"admin\" \/>\n<meta name=\"twitter:card\" content=\"summary_large_image\" \/>\n<script type=\"application\/ld+json\" class=\"yoast-schema-graph\">{\"@context\":\"https:\/\/schema.org\",\"@graph\":[{\"@type\":\"WebPage\",\"@id\":\"https:\/\/aikivudao.com\/?p=1849\",\"url\":\"https:\/\/aikivudao.com\/?p=1849\",\"name\":\"Jean-Pierre - AIKI VU DAO\",\"isPartOf\":{\"@id\":\"https:\/\/aikivudao.com\/#website\"},\"datePublished\":\"2020-03-20T19:02:36+00:00\",\"dateModified\":\"2020-04-12T14:00:22+00:00\",\"author\":{\"@id\":\"https:\/\/aikivudao.com\/#\/schema\/person\/72749871c5f6a830dda75714f57c0b08\"},\"breadcrumb\":{\"@id\":\"https:\/\/aikivudao.com\/?p=1849#breadcrumb\"},\"inLanguage\":\"fr-FR\",\"potentialAction\":[{\"@type\":\"ReadAction\",\"target\":[\"https:\/\/aikivudao.com\/?p=1849\"]}]},{\"@type\":\"BreadcrumbList\",\"@id\":\"https:\/\/aikivudao.com\/?p=1849#breadcrumb\",\"itemListElement\":[{\"@type\":\"ListItem\",\"position\":1,\"name\":\"Accueil\",\"item\":\"https:\/\/aikivudao.com\/\"},{\"@type\":\"ListItem\",\"position\":2,\"name\":\"Jean-Pierre\"}]},{\"@type\":\"WebSite\",\"@id\":\"https:\/\/aikivudao.com\/#website\",\"url\":\"https:\/\/aikivudao.com\/\",\"name\":\"AIKI VU DAO\",\"description\":\"Ecole d&#039;A\u00efkido - art martial japonais, aikibudoviet\",\"potentialAction\":[{\"@type\":\"SearchAction\",\"target\":{\"@type\":\"EntryPoint\",\"urlTemplate\":\"https:\/\/aikivudao.com\/?s={search_term_string}\"},\"query-input\":\"required name=search_term_string\"}],\"inLanguage\":\"fr-FR\"},{\"@type\":\"Person\",\"@id\":\"https:\/\/aikivudao.com\/#\/schema\/person\/72749871c5f6a830dda75714f57c0b08\",\"name\":\"admin\",\"image\":{\"@type\":\"ImageObject\",\"inLanguage\":\"fr-FR\",\"@id\":\"https:\/\/aikivudao.com\/#\/schema\/person\/image\/\",\"url\":\"https:\/\/secure.gravatar.com\/avatar\/fc462b8aa7e422ed474762ee47ac3165?s=96&d=mm&r=g\",\"contentUrl\":\"https:\/\/secure.gravatar.com\/avatar\/fc462b8aa7e422ed474762ee47ac3165?s=96&d=mm&r=g\",\"caption\":\"admin\"},\"url\":\"https:\/\/aikivudao.com\/?author=1\"}]}<\/script>\n<!-- \/ Yoast SEO plugin. -->","yoast_head_json":{"title":"Jean-Pierre - AIKI VU DAO","robots":{"index":"index","follow":"follow","max-snippet":"max-snippet:-1","max-image-preview":"max-image-preview:large","max-video-preview":"max-video-preview:-1"},"canonical":"https:\/\/aikivudao.com\/?p=1849","og_locale":"fr_FR","og_type":"article","og_title":"Jean-Pierre - AIKI VU DAO","og_description":"Jean Pierre a 64 ans. N\u00e9 \u00e0 Marseille en 1956. S\u00e9rie d&rsquo;interviews des pratiquants d&rsquo;a\u00efkivudao. Chacun s&rsquo;est pr\u00eat\u00e9 \u00e0 un jeu de questions-r\u00e9ponses afin de pr\u00e9senter son parcours dans les arts martiaux et dans l&rsquo;a\u00efkivudao. &#8211; quand as tu commence l\u2019aikido\/aikivudao ? J\u2019ai commenc\u00e9 \u00e0 la rentr\u00e9e sportive de la &hellip;","og_url":"https:\/\/aikivudao.com\/?p=1849","og_site_name":"AIKI VU DAO","article_published_time":"2020-03-20T19:02:36+00:00","article_modified_time":"2020-04-12T14:00:22+00:00","og_image":[{"width":800,"height":556,"url":"https:\/\/aikivudao.com\/wp-content\/uploads\/2020\/03\/jpc_aikivudao_2.jpg","type":"image\/jpeg"}],"author":"admin","twitter_card":"summary_large_image","schema":{"@context":"https:\/\/schema.org","@graph":[{"@type":"WebPage","@id":"https:\/\/aikivudao.com\/?p=1849","url":"https:\/\/aikivudao.com\/?p=1849","name":"Jean-Pierre - AIKI VU DAO","isPartOf":{"@id":"https:\/\/aikivudao.com\/#website"},"datePublished":"2020-03-20T19:02:36+00:00","dateModified":"2020-04-12T14:00:22+00:00","author":{"@id":"https:\/\/aikivudao.com\/#\/schema\/person\/72749871c5f6a830dda75714f57c0b08"},"breadcrumb":{"@id":"https:\/\/aikivudao.com\/?p=1849#breadcrumb"},"inLanguage":"fr-FR","potentialAction":[{"@type":"ReadAction","target":["https:\/\/aikivudao.com\/?p=1849"]}]},{"@type":"BreadcrumbList","@id":"https:\/\/aikivudao.com\/?p=1849#breadcrumb","itemListElement":[{"@type":"ListItem","position":1,"name":"Accueil","item":"https:\/\/aikivudao.com\/"},{"@type":"ListItem","position":2,"name":"Jean-Pierre"}]},{"@type":"WebSite","@id":"https:\/\/aikivudao.com\/#website","url":"https:\/\/aikivudao.com\/","name":"AIKI VU DAO","description":"Ecole d&#039;A\u00efkido - art martial japonais, aikibudoviet","potentialAction":[{"@type":"SearchAction","target":{"@type":"EntryPoint","urlTemplate":"https:\/\/aikivudao.com\/?s={search_term_string}"},"query-input":"required name=search_term_string"}],"inLanguage":"fr-FR"},{"@type":"Person","@id":"https:\/\/aikivudao.com\/#\/schema\/person\/72749871c5f6a830dda75714f57c0b08","name":"admin","image":{"@type":"ImageObject","inLanguage":"fr-FR","@id":"https:\/\/aikivudao.com\/#\/schema\/person\/image\/","url":"https:\/\/secure.gravatar.com\/avatar\/fc462b8aa7e422ed474762ee47ac3165?s=96&d=mm&r=g","contentUrl":"https:\/\/secure.gravatar.com\/avatar\/fc462b8aa7e422ed474762ee47ac3165?s=96&d=mm&r=g","caption":"admin"},"url":"https:\/\/aikivudao.com\/?author=1"}]}},"_links":{"self":[{"href":"https:\/\/aikivudao.com\/index.php?rest_route=\/wp\/v2\/posts\/1849"}],"collection":[{"href":"https:\/\/aikivudao.com\/index.php?rest_route=\/wp\/v2\/posts"}],"about":[{"href":"https:\/\/aikivudao.com\/index.php?rest_route=\/wp\/v2\/types\/post"}],"author":[{"embeddable":true,"href":"https:\/\/aikivudao.com\/index.php?rest_route=\/wp\/v2\/users\/1"}],"replies":[{"embeddable":true,"href":"https:\/\/aikivudao.com\/index.php?rest_route=%2Fwp%2Fv2%2Fcomments&post=1849"}],"version-history":[{"count":4,"href":"https:\/\/aikivudao.com\/index.php?rest_route=\/wp\/v2\/posts\/1849\/revisions"}],"predecessor-version":[{"id":1877,"href":"https:\/\/aikivudao.com\/index.php?rest_route=\/wp\/v2\/posts\/1849\/revisions\/1877"}],"wp:featuredmedia":[{"embeddable":true,"href":"https:\/\/aikivudao.com\/index.php?rest_route=\/wp\/v2\/media\/2023"}],"wp:attachment":[{"href":"https:\/\/aikivudao.com\/index.php?rest_route=%2Fwp%2Fv2%2Fmedia&parent=1849"}],"wp:term":[{"taxonomy":"category","embeddable":true,"href":"https:\/\/aikivudao.com\/index.php?rest_route=%2Fwp%2Fv2%2Fcategories&post=1849"},{"taxonomy":"post_tag","embeddable":true,"href":"https:\/\/aikivudao.com\/index.php?rest_route=%2Fwp%2Fv2%2Ftags&post=1849"}],"curies":[{"name":"wp","href":"https:\/\/api.w.org\/{rel}","templated":true}]}}