{"id":1085,"date":"2017-08-13T09:26:43","date_gmt":"2017-08-13T07:26:43","guid":{"rendered":"http:\/\/aikivudao.com\/?p=1085"},"modified":"2017-08-13T10:35:14","modified_gmt":"2017-08-13T08:35:14","slug":"2015-creation-de-la-f-a-k-v-d-f","status":"publish","type":"post","link":"https:\/\/aikivudao.com\/?p=1085","title":{"rendered":"2015 &#8211; cr\u00e9ation de la F.A.K.V.D.F."},"content":{"rendered":"<h3 style=\"text-align: center;\"><strong>\u00ab F.A.K.V.D.F \u00bb<\/strong><br \/>\nf\u00e9d\u00e9ration A\u00efKiVuDao France<\/h3>\n<p><strong>federation.akvd.fr@aikivudao.com<\/strong><br \/>\n<em>(01\/12\/2015 &#8211; extrait journal AKVD 1er trimestre 2015)<\/em><\/p>\n<hr \/>\n<p style=\"text-align: left;\">Voici d\u00e9sormais le nom de la nouvelle f\u00e9d\u00e9ration qui rassemble les clubs<br \/>\nd&rsquo;aikivudao-aikibudoviet \u00e0 Marseille et au-del\u00e0.<\/p>\n<hr \/>\n<p style=\"text-align: left;\"><em>Il faut bien comprendre que notre a\u00efkido ne prend pas naissance aujourd&rsquo;hui. Sa cr\u00e9ation remonte plus raisonnablement \u00e0 1976. C&rsquo;est \u00e0 cette date que Jean-Pierre ROUVIERE re\u00e7u le dipl\u00f4me d&rsquo;\u00e9tat d&rsquo;enseignant A\u00efkido d\u00e9livr\u00e9 par l&rsquo;U.N.A.<\/em><\/p>\n<p style=\"text-align: left;\">L&rsquo;a\u00efkivudao, a travers\u00e9 plusieurs d\u00e9cennies, est pass\u00e9 par plusieurs f\u00e9d\u00e9rations, mais garde sa vision ind\u00e9pendante de l&rsquo;a\u00efkido. Maintenue par Jean-Pierre Rouvi\u00e8re et le coll\u00e8ge de ceintures noires compos\u00e9 d&rsquo;anciens de la premi\u00e8re heure et de jeunes pratiquants motiv\u00e9s.<\/p>\n<h3 style=\"text-align: left;\"><a href=\"https:\/\/aikivudao.com\/?attachment_id=1040\" rel=\"attachment wp-att-1040\"><img decoding=\"async\" loading=\"lazy\" class=\"aligncenter wp-image-1040 size-thumbnail\" src=\"https:\/\/aikivudao.com\/wp-content\/uploads\/2016\/01\/cropped-cropped-logo_aikivudao_base2015-150x150.jpg\" alt=\"\" width=\"150\" height=\"150\" srcset=\"https:\/\/aikivudao.com\/wp-content\/uploads\/2016\/01\/cropped-cropped-logo_aikivudao_base2015-150x150.jpg 150w, https:\/\/aikivudao.com\/wp-content\/uploads\/2016\/01\/cropped-cropped-logo_aikivudao_base2015-45x45.jpg 45w, https:\/\/aikivudao.com\/wp-content\/uploads\/2016\/01\/cropped-cropped-logo_aikivudao_base2015.jpg 250w\" sizes=\"(max-width: 150px) 100vw, 150px\" \/><\/a><\/h3>\n<p>La F\u00e9d\u00e9ration d&rsquo;aIkivudao France est une association loi 1901<br \/>\nqui regroupe toutes les associations qui g\u00e8rent les clubs d&rsquo;a\u00efkivudao.<\/p>\n<h3 style=\"text-align: left;\"><strong>LES CLUBS<\/strong><\/h3>\n<p>Dans le principe, chaque club doit \u00eatre g\u00e9r\u00e9 par une association, compos\u00e9e d&rsquo;un bureau (\u00e0 minima pr\u00e9sident, tr\u00e9sorier, secr\u00e9taire). Cette association a pour but d&rsquo;organiser la pratique d&rsquo;un club, de tenir \u00e0 jour la liste des licenci\u00e9s, de respecter le r\u00e8glement de la f\u00e9d\u00e9ration, le programme des techniques, d&rsquo;assurer l&rsquo;animation du club et la promotion de l&rsquo;a\u00efkivudao. Elle doit \u00eatre en mesure de proposer une assurance en cas d&rsquo;accident ou blessure. Elle veille \u00e0 ce que ses \u00e9l\u00e8ves respectent les valeur de l&rsquo;a\u00efkivudao. Elle tient une comptabilit\u00e9 de type entr\u00e9e\/sortie (ou cr\u00e9dit\/d\u00e9bit).<br \/>\nAttention les instructeurs ne sont pas forc\u00e9ment les membres du bureau. Le bureau g\u00e8re la partie administrative, les instructeurs la partie technique. Mais tous doivent conna\u00eetre le fonctionnement de leur association, de leur club et de la f\u00e9d\u00e9ration.<\/p>\n<h3><strong>LA FEDERATION<\/strong><\/h3>\n<p>La f\u00e9d\u00e9ration a le m\u00eame objectif, mais g\u00e8re des associations. Elle veille \u00e0 ce que chaque pratiquant soit licenci\u00e9, \u00e0 ce que les r\u00e8glements f\u00e9d\u00e9raux soit appliqu\u00e9s. Elle s&rsquo;assure que tous les enseignants des clubs disposent des dipl\u00f4mes f\u00e9d\u00e9raux, DAF (dipl\u00f4me d&rsquo;animateur f\u00e9d\u00e9ral) ou DIF (dipl\u00f4me d&rsquo;instructeur f\u00e9d\u00e9ral). Elle peut avoir une action disciplinaire envers les clubs qui ne respectent pas le r\u00e8glement et les valeurs de la f\u00e9d\u00e9ration. Elle tient \u00e9galement une comptabilit\u00e9 compl\u00e8te et<br \/>\nd\u00e9taill\u00e9e. En tant que repr\u00e9sentant de la discipline aikivudao elle est l&rsquo;interlocuteur du minist\u00e8re de la jeunesse et des sports, envers lequel elle peut demander un agr\u00e9ment national.<br \/>\nDe plus, et afin de permettre une reconnaissance internationale, la F.A.K.V.D.F est \u00e9galement affili\u00e9e aux arts martiaux vietnamiens fran\u00e7ais qui eux-m\u00eame sont reconnus par la f\u00e9d\u00e9ration mondiale d&rsquo;arts martiaux traditionnels vietnamiens (World Federation of Vietnam Vocotruyen).<br \/>\nAu-del\u00e0 des clubs historiques : la Batarelle, l&rsquo;Aka club puis plus tard Jean-Jaur\u00e8s, les Lilas, le Merlan, de nouveaux clubs commencent \u00e0 se d\u00e9velopper en France et \u00e0 l&rsquo;\u00e9tranger. Puisque nous accueillons d\u00e9sormais 6 nouveaux licenci\u00e9s \u00e0 Bamako (Mali)<\/p>\n<h3><strong>DIPLOMES<\/strong><\/h3>\n<p>L&rsquo;enseignement, la pr\u00e9paration des instructeurs sont une priorit\u00e9 pour la reconnaissance de l&rsquo;aikivudao. Dans ce but, les dipl\u00f4mes d&rsquo;enseignement vont \u00eatre repris pour s&rsquo;adapter \u00e0 la l\u00e9gislation fran\u00e7aise et europ\u00e9enne. A ce jour les certificats de qualification professionnels (CQP) sont les seuls \u00e0 permettre \u00e0 un enseignant d&rsquo;\u00eatre professionnel. Or les CQP n&rsquo;existent pas encore en A\u00efkivudao. Le dipl\u00f4me national le plus \u00e9lev\u00e9 reste donc le dipl\u00f4me d&rsquo;instructeur f\u00e9d\u00e9ral (DIF). Il permet toutefois \u00e0 un enseignant de g\u00e9rer un club en toute autonomie et de pouvoir b\u00e9n\u00e9ficier de remboursement sur ses frais personnels (d\u00e9placement, investissement, mat\u00e9riel, \u00e9quipements). A noter toutefois que la FIAMV est en cours de reconnaissance du minist\u00e8re \u00ab\u00a0jeunesse et sports\u00a0\u00bb pour devenir une f\u00e9d\u00e9ration d\u00e9l\u00e9gataire. Les incidences seront donc directes sur notre groupe, avec une possibilit\u00e9 de transformer nos dipl\u00f4mes en dipl\u00f4mes d&rsquo;\u00e9tat et d&rsquo;acc\u00e9der aux dipl\u00f4mes nationaux CSP et BPJEPS.<\/p>\n<p>&nbsp;<\/p>\n","protected":false},"excerpt":{"rendered":"<p>\u00ab F.A.K.V.D.F \u00bb f\u00e9d\u00e9ration A\u00efKiVuDao France federation.akvd.fr@aikivudao.com (01\/12\/2015 &#8211; extrait journal AKVD 1er trimestre 2015) Voici d\u00e9sormais le nom de la nouvelle f\u00e9d\u00e9ration qui rassemble les clubs d&rsquo;aikivudao-aikibudoviet \u00e0 Marseille et au-del\u00e0. Il faut bien comprendre que notre a\u00efkido ne prend pas naissance aujourd&rsquo;hui. Sa cr\u00e9ation remonte plus raisonnablement \u00e0 &hellip;<\/p>\n","protected":false},"author":1,"featured_media":864,"comment_status":"closed","ping_status":"closed","sticky":false,"template":"","format":"standard","meta":[],"categories":[10],"tags":[],"yoast_head":"<!-- This site is optimized with the Yoast SEO plugin v21.1 - https:\/\/yoast.com\/wordpress\/plugins\/seo\/ -->\n<title>2015 - cr\u00e9ation de la F.A.K.V.D.F. - AIKI VU DAO<\/title>\n<meta name=\"robots\" content=\"index, follow, max-snippet:-1, max-image-preview:large, max-video-preview:-1\" \/>\n<link rel=\"canonical\" href=\"https:\/\/aikivudao.com\/?p=1085\" \/>\n<meta property=\"og:locale\" content=\"fr_FR\" \/>\n<meta property=\"og:type\" content=\"article\" \/>\n<meta property=\"og:title\" content=\"2015 - cr\u00e9ation de la F.A.K.V.D.F. - AIKI VU DAO\" \/>\n<meta property=\"og:description\" content=\"\u00ab F.A.K.V.D.F \u00bb f\u00e9d\u00e9ration A\u00efKiVuDao France federation.akvd.fr@aikivudao.com (01\/12\/2015 &#8211; extrait journal AKVD 1er trimestre 2015) Voici d\u00e9sormais le nom de la nouvelle f\u00e9d\u00e9ration qui rassemble les clubs d&rsquo;aikivudao-aikibudoviet \u00e0 Marseille et au-del\u00e0. Il faut bien comprendre que notre a\u00efkido ne prend pas naissance aujourd&rsquo;hui. Sa cr\u00e9ation remonte plus raisonnablement \u00e0 &hellip;\" \/>\n<meta property=\"og:url\" content=\"https:\/\/aikivudao.com\/?p=1085\" \/>\n<meta property=\"og:site_name\" content=\"AIKI VU DAO\" \/>\n<meta property=\"article:published_time\" content=\"2017-08-13T07:26:43+00:00\" \/>\n<meta property=\"article:modified_time\" content=\"2017-08-13T08:35:14+00:00\" \/>\n<meta property=\"og:image\" content=\"https:\/\/aikivudao.com\/wp-content\/uploads\/2015\/05\/kote_gaeshi_aikivudao.jpg\" \/>\n\t<meta property=\"og:image:width\" content=\"400\" \/>\n\t<meta property=\"og:image:height\" content=\"409\" \/>\n\t<meta property=\"og:image:type\" content=\"image\/jpeg\" \/>\n<meta name=\"author\" content=\"admin\" \/>\n<meta name=\"twitter:card\" content=\"summary_large_image\" \/>\n<script type=\"application\/ld+json\" class=\"yoast-schema-graph\">{\"@context\":\"https:\/\/schema.org\",\"@graph\":[{\"@type\":\"WebPage\",\"@id\":\"https:\/\/aikivudao.com\/?p=1085\",\"url\":\"https:\/\/aikivudao.com\/?p=1085\",\"name\":\"2015 - cr\u00e9ation de la F.A.K.V.D.F. - AIKI VU DAO\",\"isPartOf\":{\"@id\":\"https:\/\/aikivudao.com\/#website\"},\"datePublished\":\"2017-08-13T07:26:43+00:00\",\"dateModified\":\"2017-08-13T08:35:14+00:00\",\"author\":{\"@id\":\"https:\/\/aikivudao.com\/#\/schema\/person\/72749871c5f6a830dda75714f57c0b08\"},\"breadcrumb\":{\"@id\":\"https:\/\/aikivudao.com\/?p=1085#breadcrumb\"},\"inLanguage\":\"fr-FR\",\"potentialAction\":[{\"@type\":\"ReadAction\",\"target\":[\"https:\/\/aikivudao.com\/?p=1085\"]}]},{\"@type\":\"BreadcrumbList\",\"@id\":\"https:\/\/aikivudao.com\/?p=1085#breadcrumb\",\"itemListElement\":[{\"@type\":\"ListItem\",\"position\":1,\"name\":\"Accueil\",\"item\":\"https:\/\/aikivudao.com\/\"},{\"@type\":\"ListItem\",\"position\":2,\"name\":\"2015 &#8211; cr\u00e9ation de la F.A.K.V.D.F.\"}]},{\"@type\":\"WebSite\",\"@id\":\"https:\/\/aikivudao.com\/#website\",\"url\":\"https:\/\/aikivudao.com\/\",\"name\":\"AIKI VU DAO\",\"description\":\"Ecole d&#039;A\u00efkido - art martial japonais, aikibudoviet\",\"potentialAction\":[{\"@type\":\"SearchAction\",\"target\":{\"@type\":\"EntryPoint\",\"urlTemplate\":\"https:\/\/aikivudao.com\/?s={search_term_string}\"},\"query-input\":\"required name=search_term_string\"}],\"inLanguage\":\"fr-FR\"},{\"@type\":\"Person\",\"@id\":\"https:\/\/aikivudao.com\/#\/schema\/person\/72749871c5f6a830dda75714f57c0b08\",\"name\":\"admin\",\"image\":{\"@type\":\"ImageObject\",\"inLanguage\":\"fr-FR\",\"@id\":\"https:\/\/aikivudao.com\/#\/schema\/person\/image\/\",\"url\":\"https:\/\/secure.gravatar.com\/avatar\/fc462b8aa7e422ed474762ee47ac3165?s=96&d=mm&r=g\",\"contentUrl\":\"https:\/\/secure.gravatar.com\/avatar\/fc462b8aa7e422ed474762ee47ac3165?s=96&d=mm&r=g\",\"caption\":\"admin\"},\"url\":\"https:\/\/aikivudao.com\/?author=1\"}]}<\/script>\n<!-- \/ Yoast SEO plugin. -->","yoast_head_json":{"title":"2015 - cr\u00e9ation de la F.A.K.V.D.F. - AIKI VU DAO","robots":{"index":"index","follow":"follow","max-snippet":"max-snippet:-1","max-image-preview":"max-image-preview:large","max-video-preview":"max-video-preview:-1"},"canonical":"https:\/\/aikivudao.com\/?p=1085","og_locale":"fr_FR","og_type":"article","og_title":"2015 - cr\u00e9ation de la F.A.K.V.D.F. - AIKI VU DAO","og_description":"\u00ab F.A.K.V.D.F \u00bb f\u00e9d\u00e9ration A\u00efKiVuDao France federation.akvd.fr@aikivudao.com (01\/12\/2015 &#8211; extrait journal AKVD 1er trimestre 2015) Voici d\u00e9sormais le nom de la nouvelle f\u00e9d\u00e9ration qui rassemble les clubs d&rsquo;aikivudao-aikibudoviet \u00e0 Marseille et au-del\u00e0. Il faut bien comprendre que notre a\u00efkido ne prend pas naissance aujourd&rsquo;hui. Sa cr\u00e9ation remonte plus raisonnablement \u00e0 &hellip;","og_url":"https:\/\/aikivudao.com\/?p=1085","og_site_name":"AIKI VU DAO","article_published_time":"2017-08-13T07:26:43+00:00","article_modified_time":"2017-08-13T08:35:14+00:00","og_image":[{"width":400,"height":409,"url":"https:\/\/aikivudao.com\/wp-content\/uploads\/2015\/05\/kote_gaeshi_aikivudao.jpg","type":"image\/jpeg"}],"author":"admin","twitter_card":"summary_large_image","schema":{"@context":"https:\/\/schema.org","@graph":[{"@type":"WebPage","@id":"https:\/\/aikivudao.com\/?p=1085","url":"https:\/\/aikivudao.com\/?p=1085","name":"2015 - cr\u00e9ation de la F.A.K.V.D.F. - AIKI VU DAO","isPartOf":{"@id":"https:\/\/aikivudao.com\/#website"},"datePublished":"2017-08-13T07:26:43+00:00","dateModified":"2017-08-13T08:35:14+00:00","author":{"@id":"https:\/\/aikivudao.com\/#\/schema\/person\/72749871c5f6a830dda75714f57c0b08"},"breadcrumb":{"@id":"https:\/\/aikivudao.com\/?p=1085#breadcrumb"},"inLanguage":"fr-FR","potentialAction":[{"@type":"ReadAction","target":["https:\/\/aikivudao.com\/?p=1085"]}]},{"@type":"BreadcrumbList","@id":"https:\/\/aikivudao.com\/?p=1085#breadcrumb","itemListElement":[{"@type":"ListItem","position":1,"name":"Accueil","item":"https:\/\/aikivudao.com\/"},{"@type":"ListItem","position":2,"name":"2015 &#8211; cr\u00e9ation de la F.A.K.V.D.F."}]},{"@type":"WebSite","@id":"https:\/\/aikivudao.com\/#website","url":"https:\/\/aikivudao.com\/","name":"AIKI VU DAO","description":"Ecole d&#039;A\u00efkido - art martial japonais, aikibudoviet","potentialAction":[{"@type":"SearchAction","target":{"@type":"EntryPoint","urlTemplate":"https:\/\/aikivudao.com\/?s={search_term_string}"},"query-input":"required name=search_term_string"}],"inLanguage":"fr-FR"},{"@type":"Person","@id":"https:\/\/aikivudao.com\/#\/schema\/person\/72749871c5f6a830dda75714f57c0b08","name":"admin","image":{"@type":"ImageObject","inLanguage":"fr-FR","@id":"https:\/\/aikivudao.com\/#\/schema\/person\/image\/","url":"https:\/\/secure.gravatar.com\/avatar\/fc462b8aa7e422ed474762ee47ac3165?s=96&d=mm&r=g","contentUrl":"https:\/\/secure.gravatar.com\/avatar\/fc462b8aa7e422ed474762ee47ac3165?s=96&d=mm&r=g","caption":"admin"},"url":"https:\/\/aikivudao.com\/?author=1"}]}},"_links":{"self":[{"href":"https:\/\/aikivudao.com\/index.php?rest_route=\/wp\/v2\/posts\/1085"}],"collection":[{"href":"https:\/\/aikivudao.com\/index.php?rest_route=\/wp\/v2\/posts"}],"about":[{"href":"https:\/\/aikivudao.com\/index.php?rest_route=\/wp\/v2\/types\/post"}],"author":[{"embeddable":true,"href":"https:\/\/aikivudao.com\/index.php?rest_route=\/wp\/v2\/users\/1"}],"replies":[{"embeddable":true,"href":"https:\/\/aikivudao.com\/index.php?rest_route=%2Fwp%2Fv2%2Fcomments&post=1085"}],"version-history":[{"count":5,"href":"https:\/\/aikivudao.com\/index.php?rest_route=\/wp\/v2\/posts\/1085\/revisions"}],"predecessor-version":[{"id":1092,"href":"https:\/\/aikivudao.com\/index.php?rest_route=\/wp\/v2\/posts\/1085\/revisions\/1092"}],"wp:featuredmedia":[{"embeddable":true,"href":"https:\/\/aikivudao.com\/index.php?rest_route=\/wp\/v2\/media\/864"}],"wp:attachment":[{"href":"https:\/\/aikivudao.com\/index.php?rest_route=%2Fwp%2Fv2%2Fmedia&parent=1085"}],"wp:term":[{"taxonomy":"category","embeddable":true,"href":"https:\/\/aikivudao.com\/index.php?rest_route=%2Fwp%2Fv2%2Fcategories&post=1085"},{"taxonomy":"post_tag","embeddable":true,"href":"https:\/\/aikivudao.com\/index.php?rest_route=%2Fwp%2Fv2%2Ftags&post=1085"}],"curies":[{"name":"wp","href":"https:\/\/api.w.org\/{rel}","templated":true}]}}